{"id":4358,"date":"2024-04-23T11:20:48","date_gmt":"2024-04-23T09:20:48","guid":{"rendered":"https:\/\/serbenidorm.daliisolutions.com\/index.php\/2024\/04\/23\/los-vecinos-de-una-urbanizacion-de-polop-denuncian-reiterados-cortes-de-luz-durante-la-ultima-semana\/"},"modified":"2024-04-23T11:20:48","modified_gmt":"2024-04-23T09:20:48","slug":"los-vecinos-de-una-urbanizacion-de-polop-denuncian-reiterados-cortes-de-luz-durante-la-ultima-semana","status":"publish","type":"post","link":"https:\/\/serbenidorm.daliisolutions.com\/index.php\/2024\/04\/23\/los-vecinos-de-una-urbanizacion-de-polop-denuncian-reiterados-cortes-de-luz-durante-la-ultima-semana\/","title":{"rendered":"Los vecinos de una urbanizaci\u00f3n de Polop denuncian reiterados cortes de luz durante la \u00faltima semana"},"content":{"rendered":"  <p>Polop de la Marina<\/p>   <p>A apenas doscientos metros de una subestaci\u00f3n el\u00e9ctrica decenas de vecinos llevan sufriendo durante los \u00faltimos d\u00edas cortes de luz en sus viviendas. Cortes repetidos a lo largo de la jornada y que en algunos casos han afectado a electrodom\u00e9sticos provocando una protesta generalizada que circula por las calles de la urbanizaci\u00f3n <a href=\"https:\/\/cadenaser.com\/tag\/polop\/a\/\" target=\"_blank\" rel=\"noopener\">&#8216;La Alberca&#8217; <\/a>de Polop y redes sociales.<\/p>   <p>Los residentes se han puesto en contacto en reiteradas ocasiones con la compa\u00f1\u00eda responsable del suministro sin que esta, de momento, haya puesto soluci\u00f3n ni haya explicado el motivo de estas aver\u00edas que han llegado a afectar al alumbrado p\u00fablico de v\u00edas como la avenida Andaluc\u00eda, que estuvo a oscuras la noche de este lunes.<\/p>   <p>Fuentes municipales han explicado a <a href=\"https:\/\/cadenaser.com\/tag\/benidorm\/a\/\" target=\"_blank\" rel=\"noopener\">Radio Benidorm<\/a> que tambi\u00e9n est\u00e1n insistiendo a la empresa para que adopte medidas inmediatas que reparen la situaci\u00f3n. <\/p> ","protected":false},"excerpt":{"rendered":"<p>El ayuntamiento y los residentes intentan que la compa\u00f1\u00eda subsane los fallos que han llegado a afectar a algunos electrodom\u00e9sticos<\/p>\n","protected":false},"author":0,"featured_media":4359,"comment_status":"open","ping_status":"open","sticky":false,"template":"","format":"standard","meta":{"_acf_changed":false,"footnotes":""},"categories":[1],"tags":[],"class_list":["post-4358","post","type-post","status-publish","format-standard","has-post-thumbnail","hentry","category-sin-categoria"],"acf":{"ser_id":"EAY3T55INRDDDJ7CN5QWUETCDI","ser_url":"https:\/\/cadenaser.com\/comunitat-valenciana\/2024\/04\/23\/los-vecinos-de-una-urbanizacion-de-polop-denuncian-reiterados-cortes-de-luz-durante-la-ultima-semana-radio-benidorm\/"},"_links":{"self":[{"href":"https:\/\/serbenidorm.daliisolutions.com\/index.php\/wp-json\/wp\/v2\/posts\/4358","targetHints":{"allow":["GET"]}}],"collection":[{"href":"https:\/\/serbenidorm.daliisolutions.com\/index.php\/wp-json\/wp\/v2\/posts"}],"about":[{"href":"https:\/\/serbenidorm.daliisolutions.com\/index.php\/wp-json\/wp\/v2\/types\/post"}],"replies":[{"embeddable":true,"href":"https:\/\/serbenidorm.daliisolutions.com\/index.php\/wp-json\/wp\/v2\/comments?post=4358"}],"version-history":[{"count":0,"href":"https:\/\/serbenidorm.daliisolutions.com\/index.php\/wp-json\/wp\/v2\/posts\/4358\/revisions"}],"wp:featuredmedia":[{"embeddable":true,"href":"https:\/\/serbenidorm.daliisolutions.com\/index.php\/wp-json\/wp\/v2\/media\/4359"}],"wp:attachment":[{"href":"https:\/\/serbenidorm.daliisolutions.com\/index.php\/wp-json\/wp\/v2\/media?parent=4358"}],"wp:term":[{"taxonomy":"category","embeddable":true,"href":"https:\/\/serbenidorm.daliisolutions.com\/index.php\/wp-json\/wp\/v2\/categories?post=4358"},{"taxonomy":"post_tag","embeddable":true,"href":"https:\/\/serbenidorm.daliisolutions.com\/index.php\/wp-json\/wp\/v2\/tags?post=4358"}],"curies":[{"name":"wp","href":"https:\/\/api.w.org\/{rel}","templated":true}]}}