{"id":4361,"date":"2024-04-23T13:02:02","date_gmt":"2024-04-23T11:02:02","guid":{"rendered":"https:\/\/serbenidorm.daliisolutions.com\/index.php\/2024\/04\/23\/el-alcalde-de-tarbena-francisco-javier-molines-pide-mayor-mantenimiento-de-nuestros-bosques\/"},"modified":"2024-04-23T13:02:02","modified_gmt":"2024-04-23T11:02:02","slug":"el-alcalde-de-tarbena-francisco-javier-molines-pide-mayor-mantenimiento-de-nuestros-bosques","status":"publish","type":"post","link":"https:\/\/serbenidorm.daliisolutions.com\/index.php\/2024\/04\/23\/el-alcalde-de-tarbena-francisco-javier-molines-pide-mayor-mantenimiento-de-nuestros-bosques\/","title":{"rendered":"El alcalde de T\u00e1rbena, Francisco Javier Molines, pide mayor mantenimiento de nuestros bosques"},"content":{"rendered":"  <p>Alicante<\/p>   <p>Un total de 686 parcelas catastrales, 27 construcciones y 39  fincas inscritas pertenecientes a los registros de la propiedad de Callosa d\u2019En  Sarri\u00e0, Pego y Pedreguer se han visto afectadas por <a href=\"https:\/\/cadenaser.com\/comunitat-valenciana\/2024\/04\/16\/la-evolucion-del-incendio-de-tarbena-es-favorable-radio-benidorm\/\" target=\"_blank\" rel=\"noopener\">el incendio forestal de  T\u00e1rbena, dado por extinguido el pasado viernes<\/a>, seg\u00fan el Colegio de  Registradores de la Propiedad, Mercantiles y de Bienes Muebles de Espa\u00f1a.<\/p>   <p>En un comunicado, esta entidad ha indicado que los ciudadanos  afectados por este incendio \u00abya pueden comprobar si su finca registral ha  resultado afectada\u00bb. Tambi\u00e9n pueden \u00abobtener informaci\u00f3n registral a trav\u00e9s del  Portal Registral de Emergencias\u00bb, desarrollado por la entidad colegial.<\/p>   <p>El incendio ha sido publicado ya en el Portal Registral de Emergencias (PRE).  A trav\u00e9s de esta herramienta (<a href=\"https:\/\/geoportal.registradores.org\/emergency\" rel=\"nofollow\">https:\/\/geoportal.registradores.org\/emergency<\/a>),  los ciudadanos afectados pueden comprobar si su finca se ha visto afectada y  solicitar directamente informaci\u00f3n registral de la misma, acreditando as\u00ed su  propiedad a los efectos de poder solicitar las indemnizaciones o ayudas que  puedan resultar aplicables.<\/p>   <p>Francisco Javier Molines, alcalde: \u00abMayor mantenimiento de nuestros  bosques\u00bb<\/p>   <p>Solo unos d\u00edas despu\u00e9s de este incendio que ha arrasado casi 700 hect\u00e1reas  forestales, el alcalde de T\u00e1rbena, Francisco Javier Molines, ha pedido un mayor  mantenimiento de nuestros bosques.<\/p>   <p>Lo ha hecho en Hoy por Hoy Alicante porque considera \u00abque es imprescindible  mantener actividades como la agr\u00edcola o la ganadera para que permanezcan limpias  las parcelas, lo que servir\u00eda para minimizar el alcance de los fuegos, como  ocurr\u00eda antiguamente\u00bb, ha asegurado.<\/p>   <p>\u00abPosiblemente, la gente que hizo la quema, causa del incendio, no lo hizo  bien, pero si el monte estuviese limpio, los incendios ser\u00edan de unas pocas  hect\u00e1reas\u00bb. Y a\u00f1ade: \u00abDeber\u00edamos hacer lo posible para hacer que los  agricultores pudiesen vivir de lo que hacen, aparte de la ganader\u00eda extensiva.  \u00abLos fuegos se apagar\u00edan pr\u00e1cticamente solos cuando llegasen a las parcelas cultivadas porque estar\u00edan limpias\u00bb, ha concluido.<\/p>   <p>Molines asegura que, tras el impacto inicial, ahora est\u00e1n centrados en  realizar el balance de da\u00f1os \u00abpara poder solucionar cuanto antes los  desperfectos\u00bb, ha remarcado a lo largo de la entrevista. Tambi\u00e9n ha deseado \u00abque  llueva pronto para que la zona empiece a recuperarse\u00bb.<\/p>   <p>El primer edil ha recordado que, pese a este desastre medioambiental, el  paisaje de T\u00e1rbena sigue siendo privilegiado y un para\u00edso para las actividades  al aire libre en el interior de la provincia de Alicante. Y ha animado a  visitar, ahora m\u00e1s que nunca, el municipio \u00abpara recuperar cuanto antes la  normalidad de <a href=\"https:\/\/cadenaser.com\/comunitat-valenciana\/2024\/04\/15\/un-polvorin-los-vecinos-de-tarbena-viven-el-incendio-con-preocupacion-radio-benidorm\/\" target=\"_blank\" rel=\"noopener\">un pueblo que ha visto c\u00f3mo muchos lo perd\u00edan todo de la noche a  la ma\u00f1ana\u00bb.<\/a><\/p>   <p><p><strong>Sigue el canal de la SER en WhatsApp<\/strong><br \/>Encontrar\u00e1s toda la informaci\u00f3n, el deporte y el entretenimiento: la actualidad del d\u00eda y las noticias de \u00faltima hora, los mejores v\u00eddeos y momentos de la radio, entrevistas, reportajes y mucho m\u00e1s.<\/p><a href=\"https:\/\/www.whatsapp.com\/channel\/0029Va633PF9WtC4l7XUzh1e\" title=\"Suscr\u00edbete\">Suscr\u00edbete ahora<\/a><\/p> ","protected":false},"excerpt":{"rendered":"<p>686 parcelas catastrales, 27 construcciones y 39  fincas inscritas pertenecientes a los registros de la propiedad de Callosa d\u2019En  Sarri\u00e0, Pego y Pedreguer se han visto afectadas por el incendio<\/p>\n","protected":false},"author":0,"featured_media":4362,"comment_status":"open","ping_status":"open","sticky":false,"template":"","format":"standard","meta":{"_acf_changed":false,"footnotes":""},"categories":[1],"tags":[],"class_list":["post-4361","post","type-post","status-publish","format-standard","has-post-thumbnail","hentry","category-sin-categoria"],"acf":{"ser_id":"QAAKJZBXHNCVLCMQCUH3CO4AWI","ser_url":"https:\/\/cadenaser.com\/comunitat-valenciana\/2024\/04\/22\/el-alcalde-de-tarbena-francisco-javier-molines-pide-mayor-mantenimiento-de-nuestros-bosques-radio-alicante\/"},"_links":{"self":[{"href":"https:\/\/serbenidorm.daliisolutions.com\/index.php\/wp-json\/wp\/v2\/posts\/4361","targetHints":{"allow":["GET"]}}],"collection":[{"href":"https:\/\/serbenidorm.daliisolutions.com\/index.php\/wp-json\/wp\/v2\/posts"}],"about":[{"href":"https:\/\/serbenidorm.daliisolutions.com\/index.php\/wp-json\/wp\/v2\/types\/post"}],"replies":[{"embeddable":true,"href":"https:\/\/serbenidorm.daliisolutions.com\/index.php\/wp-json\/wp\/v2\/comments?post=4361"}],"version-history":[{"count":0,"href":"https:\/\/serbenidorm.daliisolutions.com\/index.php\/wp-json\/wp\/v2\/posts\/4361\/revisions"}],"wp:featuredmedia":[{"embeddable":true,"href":"https:\/\/serbenidorm.daliisolutions.com\/index.php\/wp-json\/wp\/v2\/media\/4362"}],"wp:attachment":[{"href":"https:\/\/serbenidorm.daliisolutions.com\/index.php\/wp-json\/wp\/v2\/media?parent=4361"}],"wp:term":[{"taxonomy":"category","embeddable":true,"href":"https:\/\/serbenidorm.daliisolutions.com\/index.php\/wp-json\/wp\/v2\/categories?post=4361"},{"taxonomy":"post_tag","embeddable":true,"href":"https:\/\/serbenidorm.daliisolutions.com\/index.php\/wp-json\/wp\/v2\/tags?post=4361"}],"curies":[{"name":"wp","href":"https:\/\/api.w.org\/{rel}","templated":true}]}}