{"id":4364,"date":"2024-04-23T13:52:20","date_gmt":"2024-04-23T11:52:20","guid":{"rendered":"https:\/\/serbenidorm.daliisolutions.com\/index.php\/2024\/04\/23\/juliennis-regalado-no-seguira-en-el-holacv-benidorm\/"},"modified":"2024-04-23T13:52:20","modified_gmt":"2024-04-23T11:52:20","slug":"juliennis-regalado-no-seguira-en-el-holacv-benidorm","status":"publish","type":"post","link":"https:\/\/serbenidorm.daliisolutions.com\/index.php\/2024\/04\/23\/juliennis-regalado-no-seguira-en-el-holacv-benidorm\/","title":{"rendered":"Juliennis Regalado no seguir\u00e1 en el HolaCV-Benidorm"},"content":{"rendered":"  <p>Benidorm<\/p>   <p>El <a href=\"https:\/\/cadenaser.com\/tag\/club_voleibol_playas_benidorm\/a\/\" target=\"_blank\" rel=\"noopener\">Club Voleibol Playas de Benidorm<\/a> sigue trabajando en confeccionar las plantillas de los equipos de Superliga 2 masculina y femenina que deber\u00e1n pelear por intentar alcanzar la fase de ascenso a la m\u00e1xima categor\u00eda la pr\u00f3xima temporada, algo que no pudieron conseguir en la reci\u00e9n cerrada campa\u00f1a.<\/p>   <p>Por el momento, la directiva de la entidad del Pabell\u00f3n Ra\u00fal Mesa est\u00e1 dando a conocer las bajas as\u00ed como la conformaci\u00f3n de sus equipos t\u00e9cnicos de cara a ese todav\u00eda lejano inicio de la temporada. Despu\u00e9s de haber oficializado <a href=\"https:\/\/cadenaser.com\/comunitat-valenciana\/2024\/04\/09\/eric-carrio-capitan-del-servigroup-benidorm-pone-fin-a-su-etapa-en-el-raul-mesa-radio-benidorm\/\">el adi\u00f3s del capit\u00e1n del Servigroup Benidorm masculino<\/a>, Eric Carri\u00f3; lleg\u00f3 el momento de confirmar a <a href=\"https:\/\/cadenaser.com\/comunitat-valenciana\/2024\/04\/10\/noelia-santacreu-se-hara-cargo-del-banquillo-del-hola-cv-benidorm-radio-benidorm\/\">Natalia Santacreu como entrenadora del equipo femenino<\/a> y la continuidad de <a href=\"https:\/\/cadenaser.com\/comunitat-valenciana\/2024\/04\/16\/adriano-lamb-seguira-siendo-el-dueno-del-banquillo-del-servigroup-benidorm-radio-benidorm\/\">Adriano Lamb al frente de los chicos<\/a>.<\/p>  <p><p>M\u00e1s informaci\u00f3n<\/p><figure><img decoding=\"async\" src=\"https:\/\/cadenaser.com\/resizer\/0M-C4_pTXTv1GMfGzMh0f5XAFQc=\/650x366\/filters:quality(70)\/cloudfront-eu-central-1.images.arcpublishing.com\/prisaradio\/YUBMOAN6EBEOPMMW275ZTC5YCM.JPG\" loading=\"lazy\" width=\"828\" height=\"621\" \/><\/figure><ul><li><a href=\"https:\/\/cadenaser.com\/tag\/club_voleibol_playas_benidorm\/a\/\">Todas las noticias del Club Voleibol Playas de Benidorm<\/a><\/li><\/ul><\/p>   <p>Este martes el Club Voleibol Playas de Benidorm ha confirmado que la venezolana Juliennis Regalado, que lleg\u00f3 al HolaCV-Benidorm el pasado verano procedente del Bar\u00e7a, no estar\u00e1 a las \u00f3rdenes de Santacreu en la 2024-2025.<\/p>   <p>Durante la reci\u00e9n terminada campa\u00f1a, Regalado ha disputado un total de 71 sets en 21 partidos con un balance de 17 puntos directos desde el saque, 25 puntos de bloqueo y 257 puntos en ataque.<\/p>   <p>Adem\u00e1s, la punta venezolana, que ha destacado por su potencial en ataque e intensidad en el juego, fue nombrada MVP en la jornada 17 de la Superliga 2 femenina.<\/p>   <p><p><strong>Sigue el canal de la SER en WhatsApp<\/strong><br \/>Encontrar\u00e1s toda la informaci\u00f3n, el deporte y el entretenimiento: la actualidad del d\u00eda y las noticias de \u00faltima hora, los mejores v\u00eddeos y momentos de la radio, entrevistas, reportajes y mucho m\u00e1s.<\/p><a href=\"https:\/\/www.whatsapp.com\/channel\/0029Va633PF9WtC4l7XUzh1e\" title=\"Suscr\u00edbete\">Suscr\u00edbete ahora<\/a><\/p> ","protected":false},"excerpt":{"rendered":"<p>La jugadora venezolana ha pasado una temporada en el Club Voleibol Playas de Benidorm<\/p>\n","protected":false},"author":0,"featured_media":4365,"comment_status":"open","ping_status":"open","sticky":false,"template":"","format":"standard","meta":{"_acf_changed":false,"footnotes":""},"categories":[16],"tags":[],"class_list":["post-4364","post","type-post","status-publish","format-standard","has-post-thumbnail","hentry","category-deportes"],"acf":{"ser_id":"NWVADGHE3VCD7HLKULEHJXMIVU","ser_url":"https:\/\/cadenaser.com\/comunitat-valenciana\/2024\/04\/23\/juliennis-regalado-no-seguira-en-el-holacv-benidorm-radio-benidorm\/"},"_links":{"self":[{"href":"https:\/\/serbenidorm.daliisolutions.com\/index.php\/wp-json\/wp\/v2\/posts\/4364","targetHints":{"allow":["GET"]}}],"collection":[{"href":"https:\/\/serbenidorm.daliisolutions.com\/index.php\/wp-json\/wp\/v2\/posts"}],"about":[{"href":"https:\/\/serbenidorm.daliisolutions.com\/index.php\/wp-json\/wp\/v2\/types\/post"}],"replies":[{"embeddable":true,"href":"https:\/\/serbenidorm.daliisolutions.com\/index.php\/wp-json\/wp\/v2\/comments?post=4364"}],"version-history":[{"count":0,"href":"https:\/\/serbenidorm.daliisolutions.com\/index.php\/wp-json\/wp\/v2\/posts\/4364\/revisions"}],"wp:featuredmedia":[{"embeddable":true,"href":"https:\/\/serbenidorm.daliisolutions.com\/index.php\/wp-json\/wp\/v2\/media\/4365"}],"wp:attachment":[{"href":"https:\/\/serbenidorm.daliisolutions.com\/index.php\/wp-json\/wp\/v2\/media?parent=4364"}],"wp:term":[{"taxonomy":"category","embeddable":true,"href":"https:\/\/serbenidorm.daliisolutions.com\/index.php\/wp-json\/wp\/v2\/categories?post=4364"},{"taxonomy":"post_tag","embeddable":true,"href":"https:\/\/serbenidorm.daliisolutions.com\/index.php\/wp-json\/wp\/v2\/tags?post=4364"}],"curies":[{"name":"wp","href":"https:\/\/api.w.org\/{rel}","templated":true}]}}