{"id":4371,"date":"2024-04-23T15:59:24","date_gmt":"2024-04-23T13:59:24","guid":{"rendered":"https:\/\/serbenidorm.daliisolutions.com\/index.php\/2024\/04\/23\/la-nucia-celebra-su-primer-gastro-day-el-27-de-abril-en-el-cem-el-captivador\/"},"modified":"2024-04-23T15:59:24","modified_gmt":"2024-04-23T13:59:24","slug":"la-nucia-celebra-su-primer-gastro-day-el-27-de-abril-en-el-cem-el-captivador","status":"publish","type":"post","link":"https:\/\/serbenidorm.daliisolutions.com\/index.php\/2024\/04\/23\/la-nucia-celebra-su-primer-gastro-day-el-27-de-abril-en-el-cem-el-captivador\/","title":{"rendered":"La Nuc\u00eda celebra su primer \u201cGastro Day\u201d el 27 de abril en el CEM El Captivador"},"content":{"rendered":"  <p>La Nuc\u00eda<\/p>   <p>Poner en valor la restauraci\u00f3n nuciera como y apostar por la gastronom\u00eda como polo de atracci\u00f3n tur\u00edstica es el objetivo de la primera edici\u00f3n de La Nuc\u00eda Gastro Day que se celebrar\u00e1 el pr\u00f3ximo s\u00e1bado 27 de abril en el CEM El Captivador.<\/p>   <p>Se trata del primero de una serie de siete eventos relacionados con la gastronom\u00eda que se ir\u00e1n desarrollando con periodicidad mensual bajo el paraguas de la nueva marca \u201cLa Nuc\u00eda Gastron\u00f3mica\u201d.<\/p>   <p>La Nuc\u00eda Gastro Day contar\u00e1 con la participaci\u00f3n de seis restaurantes de la Marina Baixa adem\u00e1s de un experto pastelero, bodegas de la zona y empresas chocolateras.<\/p>   <p>Arrancar\u00e1 a las doce del medio d\u00eda con una \u201cmasterclass\u201d de elaboraci\u00f3n de los \u201cminxos\u201d nucieros a cargo de Cristina Figueira, chef del restaurante con estrella Michel\u00edn El Xato. A la una le seguir\u00e1 otra clase especializada en vermut a cargo de Pere Llinares, gerente de la marca de vermut artesano Puig Campana. Sobre las 13:45 se proceder\u00e1 a la apertura de puertas de la zona de degustaci\u00f3n y a las tres de la tarde dar\u00e1 inicio el men\u00fa de maridaje a 12 manos. Al finalizar los comensales podr\u00e1n disfrutar de un tardeo y copas amenizado con m\u00fasica en directo.<\/p>   <p>Tal y como ha explicado a <a href=\"\/\/radiobenidorm.es\" rel=\"nofollow noopener\" target=\"_blank\">Radio Benidorm<\/a> el <a href=\"https:\/\/cadenaser.com\/audio\/1668600872603\/\" target=\"_blank\" rel=\"noopener\">concejal de Comercio, Crist\u00f3bal Llorens, <\/a>\u201cLa Nuc\u00eda es muy conocida y valorada por su vertiente deportiva pero creemos que nuestra gastronom\u00eda tambi\u00e9n tiene much\u00edsimo valor y es muy desconocida. Es por eso que queremos ponerla en el mapa a trav\u00e9s de la marca \u201cLa Nuc\u00eda Gastron\u00f3mica\u201d, para que las personas, adem\u00e1s de por el deporte, nos visiten tambi\u00e9n por la gastronom\u00eda\u201d.<\/p>   <p>Por su parte <a href=\"https:\/\/cadenaser.com\/audio\/1683200814787\/\" target=\"_blank\" rel=\"noopener\">la edil de Turismo, Maria Jes\u00fas Jumilla, <\/a>ha se\u00f1alado en <a href=\"\/\/radiobenidorm.es\" rel=\"nofollow noopener\" target=\"_blank\">Hoy por Hoy Benidorm <\/a>que, precisamente para fomentar la vertiente tur\u00edstica del atractivo gastron\u00f3mico, cada uno de los siete eventos que componen la marca se ha localizado en un emplazamiento distinto. \u201cHemos querido dar a conocer rincones de nuestro municipio que, de otra forma, no se conocer\u00edan y que tienen much\u00edsimo atractivo. El objetivo es atraer a los visitantes a lugares como el CEM El Captivador, el Casco Antiguo, la Seu Universitaria o El Llavador, con la excusa de los eventos gastron\u00f3micos, para que despu\u00e9s vuelvan\u201d, explica Jumilla.<\/p>   <p>El asesor gastron\u00f3mico del Ayuntamiento de La Nuc\u00eda, Pere Llinares, ha asegurado que \u201cen La Nuc\u00eda se come muy bien, mejor de lo que pensamos\u201d y que los eventos gastron\u00f3micos tienen como finalidad tambi\u00e9n \u201cque los restaurantes vuelvan a ofrecer esos platos t\u00edpicos como los \u201cminxos\u201d o el \u201carr\u00f2s cuinat\u201d que se hacen en las casas\u201d.<\/p>   <p>Eventos de La Nuc\u00eda Gastron\u00f3mica<\/p>   <p>1. \u201cLa Nuc\u00eda Gastro Day\u201d, s\u00e1bado 27 abril en el CEM El Captivador.<\/p>   <p>2. Jornadas Turismo Gastron\u00f3mico, Oportunidad para los Municipios de Interior. 7 de mayo en la Seu de La Nucia.<\/p>   <p>3. La Nit del Vi. 15 de junio en el Casco Antiguo.<\/p>   <p>4. Mercado Gastron\u00f3mico y I Concurso de \u00abElaboraci\u00f3n de Minxos\u00bb. 13 de Julio en el Casco Antiguo.<\/p>   <p>5. Alicante Gastron\u00f3mica. Stand de La Nuc\u00eda en la Feria. Del 27 al 30 septiembre.<\/p>   <p>6. Degusta La Nuc\u00eda, Concurso y ruta de tapas. Del 1 al 10 de noviembre.<\/p>   <p>7. Cata Maridaje. Todos los meses en el Lab_Nucia.<\/p>   <p><p><strong>Sigue el canal de la SER en WhatsApp<\/strong><br \/>Encontrar\u00e1s toda la informaci\u00f3n, el deporte y el entretenimiento: la actualidad del d\u00eda y las noticias de \u00faltima hora, los mejores v\u00eddeos y momentos de la radio, entrevistas, reportajes y mucho m\u00e1s.<\/p><a href=\"https:\/\/www.whatsapp.com\/channel\/0029Va633PF9WtC4l7XUzh1e\" title=\"Suscr\u00edbete\">Suscr\u00edbete ahora<\/a><\/p> ","protected":false},"excerpt":{"rendered":"<p>Es el primero de los siete eventos que componen la nueva marca \u201cLa Nuc\u00eda Gastron\u00f3mica\u201d.<\/p>\n","protected":false},"author":0,"featured_media":4372,"comment_status":"open","ping_status":"open","sticky":false,"template":"","format":"standard","meta":{"_acf_changed":false,"footnotes":""},"categories":[1],"tags":[],"class_list":["post-4371","post","type-post","status-publish","format-standard","has-post-thumbnail","hentry","category-sin-categoria"],"acf":{"ser_id":"U5XSH4I5CVH25IYO6YFK5RXI4Y","ser_url":"https:\/\/cadenaser.com\/comunitat-valenciana\/2024\/04\/23\/la-nucia-celebra-su-primer-gastro-day-el-27-de-abril-en-el-cem-el-captivador-radio-benidorm\/"},"_links":{"self":[{"href":"https:\/\/serbenidorm.daliisolutions.com\/index.php\/wp-json\/wp\/v2\/posts\/4371","targetHints":{"allow":["GET"]}}],"collection":[{"href":"https:\/\/serbenidorm.daliisolutions.com\/index.php\/wp-json\/wp\/v2\/posts"}],"about":[{"href":"https:\/\/serbenidorm.daliisolutions.com\/index.php\/wp-json\/wp\/v2\/types\/post"}],"replies":[{"embeddable":true,"href":"https:\/\/serbenidorm.daliisolutions.com\/index.php\/wp-json\/wp\/v2\/comments?post=4371"}],"version-history":[{"count":0,"href":"https:\/\/serbenidorm.daliisolutions.com\/index.php\/wp-json\/wp\/v2\/posts\/4371\/revisions"}],"wp:featuredmedia":[{"embeddable":true,"href":"https:\/\/serbenidorm.daliisolutions.com\/index.php\/wp-json\/wp\/v2\/media\/4372"}],"wp:attachment":[{"href":"https:\/\/serbenidorm.daliisolutions.com\/index.php\/wp-json\/wp\/v2\/media?parent=4371"}],"wp:term":[{"taxonomy":"category","embeddable":true,"href":"https:\/\/serbenidorm.daliisolutions.com\/index.php\/wp-json\/wp\/v2\/categories?post=4371"},{"taxonomy":"post_tag","embeddable":true,"href":"https:\/\/serbenidorm.daliisolutions.com\/index.php\/wp-json\/wp\/v2\/tags?post=4371"}],"curies":[{"name":"wp","href":"https:\/\/api.w.org\/{rel}","templated":true}]}}