{"id":4390,"date":"2024-04-24T11:01:33","date_gmt":"2024-04-24T09:01:33","guid":{"rendered":"https:\/\/serbenidorm.daliisolutions.com\/index.php\/2024\/04\/24\/los-doce-puntos-de-espana-en-eurovision-por-tercer-ano-desde-benidorm\/"},"modified":"2024-04-24T11:01:33","modified_gmt":"2024-04-24T09:01:33","slug":"los-doce-puntos-de-espana-en-eurovision-por-tercer-ano-desde-benidorm","status":"publish","type":"post","link":"https:\/\/serbenidorm.daliisolutions.com\/index.php\/2024\/04\/24\/los-doce-puntos-de-espana-en-eurovision-por-tercer-ano-desde-benidorm\/","title":{"rendered":"Los doce puntos de Espa\u00f1a en Eurovisi\u00f3n, por tercer a\u00f1o desde Benidorm"},"content":{"rendered":"  <p>Benidorm<\/p>   <p>Por tercer a\u00f1o consecutivo, Benidorm estar\u00e1 presente en la final de Eurovisi\u00f3n, ya que RTVE trasladar\u00e1 desde la ciudad la puntuaci\u00f3n de Espa\u00f1a. Ser\u00e1 la artista Soraya Arnelas la que, como portavoz, comunique el veredicto del jurado y desvele a qu\u00e9 pa\u00eds van los doce puntos de Espa\u00f1a la noche del 11 de mayo. <\/p>   <p>As\u00ed se ha desvelado esta semana durante el concierto de despedida de Nebulossa en el Teatro Alb\u00e9niz Madrid, desde donde el d\u00fao ganador del Benidorm Fest partir\u00e1 con destino a Malm\u00f6 para participar en Eurovisi\u00f3n.<\/p>  <p><p>M\u00e1s informaci\u00f3n<\/p><figure><img decoding=\"async\" src=\"https:\/\/cadenaser.com\/resizer\/F9HIZWx8tPdUnpO4-0YwBNL3MOU=\/650x366\/filters:quality(70)\/cloudfront-eu-central-1.images.arcpublishing.com\/prisaradio\/FVPIIP2YZJG6VIJTQONK4ZMYKY.jpg\" loading=\"lazy\" width=\"828\" height=\"621\" \/><\/figure><ul><li><a href=\"https:\/\/cadenaser.com\/nacional\/2024\/04\/22\/cuando-se-celebra-eurovision-2024-fechas-y-horarios-de-las-semifinales-y-la-final-cadena-ser\/\">\u00bfCu\u00e1ndo se celebra Eurovisi\u00f3n 2024? Fechas y horarios de las semifinales y la final<\/a><\/li><\/ul><\/p>   <p>Un concierto en el que los asistentes y los seguidores del streaming en RTVE Play acompa\u00f1aron a Nebulossa en esa despedida, en la que interpretaron \u2018Glam\u2019, \u2018Me ha dado porno\u2019 y \u2018A qui\u00e9n le importa\u2019. El evento tambi\u00e9n cont\u00f3 con las actuaciones de Varry Brava, Sof\u00eda Coll, Alm\u00e1cor, Jorge Gonz\u00e1lez, \u00a0Angy Fern\u00e1ndez, st. Pedro y el elenco musical de Abba.<\/p>   <p>La puntuaci\u00f3n espa\u00f1ola, desde la playa de Poniente<\/p>   <p><a href=\"https:\/\/cadenaser.com\/tag\/benidorm\/a\/\" target=\"_blank\" rel=\"noopener\">En anteriores ediciones, fueron la modelo y presentadora Nieves \u00c1lvarez y la artista Ruth Lorenzo las encargadas de informar en directo, tambi\u00e9n desde Benidorm, la puntuaci\u00f3n del jurado espa\u00f1ol<\/a>.<\/p>   <p>El alcalde, Toni P\u00e9rez, ha se\u00f1alado que \u201cpara Benidorm es una satisfacci\u00f3n poder contar un a\u00f1o m\u00e1s con una ventana tan potente como es la final de Eurovisi\u00f3n para llevar nuestro destino a millones de hogares de toda Europa, y hacerlo adem\u00e1s a trav\u00e9s de Soraya, una artista que siempre ha mostrado un gran afecto por nuestra ciudad y que en sus actuaciones siempre se ha volcado con el p\u00fablico de Benidorm, con los eurofans y con los seguidores del Benidorm Fest\u201d.<\/p>   <p>Pero antes del 11 de mayo, Benidorm tiene otra cita en Malm\u00f6 con el Euroclub del Benidorm Fest. Ser\u00e1 el mi\u00e9rcoles d\u00eda 8 en la sala Inkonst de la ciudad sueca, a partir de las 19.00 horas, con tres artistas de las tres ediciones del Benidorm Fest: Varry Brava, Miss Caffeina y Sharonne.<\/p> ","protected":false},"excerpt":{"rendered":"<p>La cantante Soraya Arnelas ser\u00e1 la encargada de comunicar la votaci\u00f3n del jurado espa\u00f1ol<\/p>\n","protected":false},"author":0,"featured_media":4391,"comment_status":"open","ping_status":"open","sticky":false,"template":"","format":"standard","meta":{"_acf_changed":false,"footnotes":""},"categories":[1],"tags":[],"class_list":["post-4390","post","type-post","status-publish","format-standard","has-post-thumbnail","hentry","category-sin-categoria"],"acf":{"ser_id":"IPFKQW2YCFFO7NLMANLGTSB7IY","ser_url":"https:\/\/cadenaser.com\/comunitat-valenciana\/2024\/04\/24\/los-doce-puntos-de-espana-en-eurovision-por-tercer-ano-desde-benidorm-radio-benidorm\/"},"_links":{"self":[{"href":"https:\/\/serbenidorm.daliisolutions.com\/index.php\/wp-json\/wp\/v2\/posts\/4390","targetHints":{"allow":["GET"]}}],"collection":[{"href":"https:\/\/serbenidorm.daliisolutions.com\/index.php\/wp-json\/wp\/v2\/posts"}],"about":[{"href":"https:\/\/serbenidorm.daliisolutions.com\/index.php\/wp-json\/wp\/v2\/types\/post"}],"replies":[{"embeddable":true,"href":"https:\/\/serbenidorm.daliisolutions.com\/index.php\/wp-json\/wp\/v2\/comments?post=4390"}],"version-history":[{"count":0,"href":"https:\/\/serbenidorm.daliisolutions.com\/index.php\/wp-json\/wp\/v2\/posts\/4390\/revisions"}],"wp:featuredmedia":[{"embeddable":true,"href":"https:\/\/serbenidorm.daliisolutions.com\/index.php\/wp-json\/wp\/v2\/media\/4391"}],"wp:attachment":[{"href":"https:\/\/serbenidorm.daliisolutions.com\/index.php\/wp-json\/wp\/v2\/media?parent=4390"}],"wp:term":[{"taxonomy":"category","embeddable":true,"href":"https:\/\/serbenidorm.daliisolutions.com\/index.php\/wp-json\/wp\/v2\/categories?post=4390"},{"taxonomy":"post_tag","embeddable":true,"href":"https:\/\/serbenidorm.daliisolutions.com\/index.php\/wp-json\/wp\/v2\/tags?post=4390"}],"curies":[{"name":"wp","href":"https:\/\/api.w.org\/{rel}","templated":true}]}}