{"id":4408,"date":"2024-04-24T20:13:23","date_gmt":"2024-04-24T18:13:23","guid":{"rendered":"https:\/\/serbenidorm.daliisolutions.com\/index.php\/2024\/04\/24\/benidorm-espera-autorizacion-para-renovar-la-red-de-pluviales-de-la-plaza-del-torrejo-y-la-avenida-virgen-del-sufragio\/"},"modified":"2024-04-24T20:13:23","modified_gmt":"2024-04-24T18:13:23","slug":"benidorm-espera-autorizacion-para-renovar-la-red-de-pluviales-de-la-plaza-del-torrejo-y-la-avenida-virgen-del-sufragio","status":"publish","type":"post","link":"https:\/\/serbenidorm.daliisolutions.com\/index.php\/2024\/04\/24\/benidorm-espera-autorizacion-para-renovar-la-red-de-pluviales-de-la-plaza-del-torrejo-y-la-avenida-virgen-del-sufragio\/","title":{"rendered":"Benidorm espera autorizaci\u00f3n para renovar la red de pluviales de la plaza del Torrej\u00f3 y la avenida Virgen del Sufragio"},"content":{"rendered":"  <p>Benidorm<\/p>   <p>El Ayuntamiento de Benidorm va a modificar la red de aguas pluviales de la Plaza del Torrej\u00f3 y la avenida Virgen del Sufragio seg\u00fan ha anunciado este mi\u00e9rcoles el alcalde de la ciudad Toni P\u00e9rez, <a href=\"https:\/\/cadenaser.com\/tag\/benidorm\/a\/\" target=\"_blank\" rel=\"noopener\">aunque habr\u00e1 que esperar a la autorizaci\u00f3n del Servicio Provincial de Costas ya que la misma afecta a la zona de dominio p\u00fablico mar\u00edtimo terrestre<\/a>.<\/p>   <p>Mientras el consistorio adelantar\u00e1 el proyecto de la intervenci\u00f3n y la licitaci\u00f3n de esta actuaci\u00f3n cuyo plazo de ejecuci\u00f3n previsto es de unos cuatro meses y que se quiere ejecutar de forma complementaria a la que se realizar\u00e1 en la calle P\u00e9rez Martorell donde se va a renovar la red de agua potable y alcantarillado en el tramo entre Mart\u00ednez Alejos y Pintor Lozano.<\/p>  <p><p>M\u00e1s informaci\u00f3n<\/p><figure><img decoding=\"async\" src=\"https:\/\/cadenaser.com\/resizer\/VRgwwI5i1Nd2OYZ_uDvP4N-o0Lg=\/650x366\/filters:quality(70)\/cloudfront-eu-central-1.images.arcpublishing.com\/prisaradio\/HRQHKQ7YD5F2RGA7VUYKWZPZLQ.jpg\" loading=\"lazy\" width=\"828\" height=\"621\" \/><\/figure><ul><li><a href=\"https:\/\/cadenaser.com\/comunitat-valenciana\/2024\/04\/22\/las-obras-de-la-calle-perez-martorell-de-benidorm-se-dividiran-entre-antes-y-despues-del-verano-radio-benidorm\/\">Las obras de la calle P\u00e9rez Martorell de Benidorm se dividir\u00e1n entre antes y despu\u00e9s del verano<\/a><\/li><\/ul><\/p>   <p>Ambos trabajos se acometer\u00e1n por fases \u201cporque se trata de un centro neur\u00e1lgico de tr\u00e1nsito del vecindario del casco antiguo y de los proveedores y distribuidores en carga y descarga\u201d, ha explicado P\u00e9rez antes de subrayar que la obra \u201cbeneficiar\u00e1 mucho los tr\u00e1nsitos peatonales y posibilitar\u00e1, adem\u00e1s, un mejor tratamiento de las aguas pluviales en una zona en la que los colectores tienen poca pendiente y un serio problema de evacuaci\u00f3n\u201d. <\/p>   <p>Los trabajos en Virgen del Sufragio y la Plaza del Torrej\u00f3 contemplan la sustituci\u00f3n de 135 metros de colector distribuidos en dos tramos. El primero de ellos, de 50 metros, localizado en la plaza del Torrej\u00f3 y el segundo, de 85 metros de longitud, en la avenida Virgen del Sufragio. Ambos desembocar\u00e1n en una estaci\u00f3n de bombeo que se construir\u00e1 para la evacuaci\u00f3n de las primeras aguas pluviales as\u00ed como de las aguas de baldeo de terrazas, viales y resto de posibles vertidos.<\/p> ","protected":false},"excerpt":{"rendered":"<p>Mientras se licitar\u00e1 esta obra que tiene un presupuesto de 200.000 euros y ha logrado una subvenci\u00f3n de la Diputaci\u00f3n de 60.000 euros<\/p>\n","protected":false},"author":0,"featured_media":4409,"comment_status":"open","ping_status":"open","sticky":false,"template":"","format":"standard","meta":{"_acf_changed":false,"footnotes":""},"categories":[1],"tags":[],"class_list":["post-4408","post","type-post","status-publish","format-standard","has-post-thumbnail","hentry","category-sin-categoria"],"acf":{"ser_id":"HZDC2FIXDBHJ7GWT4BTVZVBDU4","ser_url":"https:\/\/cadenaser.com\/comunitat-valenciana\/2024\/04\/24\/benidorm-espera-autorizacion-para-renovar-la-red-de-pluviales-de-la-plaza-del-torrejo-y-la-avenida-virgen-del-sufragio-radio-benidorm\/"},"_links":{"self":[{"href":"https:\/\/serbenidorm.daliisolutions.com\/index.php\/wp-json\/wp\/v2\/posts\/4408","targetHints":{"allow":["GET"]}}],"collection":[{"href":"https:\/\/serbenidorm.daliisolutions.com\/index.php\/wp-json\/wp\/v2\/posts"}],"about":[{"href":"https:\/\/serbenidorm.daliisolutions.com\/index.php\/wp-json\/wp\/v2\/types\/post"}],"replies":[{"embeddable":true,"href":"https:\/\/serbenidorm.daliisolutions.com\/index.php\/wp-json\/wp\/v2\/comments?post=4408"}],"version-history":[{"count":0,"href":"https:\/\/serbenidorm.daliisolutions.com\/index.php\/wp-json\/wp\/v2\/posts\/4408\/revisions"}],"wp:featuredmedia":[{"embeddable":true,"href":"https:\/\/serbenidorm.daliisolutions.com\/index.php\/wp-json\/wp\/v2\/media\/4409"}],"wp:attachment":[{"href":"https:\/\/serbenidorm.daliisolutions.com\/index.php\/wp-json\/wp\/v2\/media?parent=4408"}],"wp:term":[{"taxonomy":"category","embeddable":true,"href":"https:\/\/serbenidorm.daliisolutions.com\/index.php\/wp-json\/wp\/v2\/categories?post=4408"},{"taxonomy":"post_tag","embeddable":true,"href":"https:\/\/serbenidorm.daliisolutions.com\/index.php\/wp-json\/wp\/v2\/tags?post=4408"}],"curies":[{"name":"wp","href":"https:\/\/api.w.org\/{rel}","templated":true}]}}