{"id":4410,"date":"2024-04-24T20:13:24","date_gmt":"2024-04-24T18:13:24","guid":{"rendered":"https:\/\/serbenidorm.daliisolutions.com\/index.php\/2024\/04\/24\/finestrat-sera-una-de-las-ocho-sedes-de-un-congreso-europeo-sobre-sostenibilidad\/"},"modified":"2024-04-24T20:13:24","modified_gmt":"2024-04-24T18:13:24","slug":"finestrat-sera-una-de-las-ocho-sedes-de-un-congreso-europeo-sobre-sostenibilidad","status":"publish","type":"post","link":"https:\/\/serbenidorm.daliisolutions.com\/index.php\/2024\/04\/24\/finestrat-sera-una-de-las-ocho-sedes-de-un-congreso-europeo-sobre-sostenibilidad\/","title":{"rendered":"Finestrat ser\u00e1 una de las ocho sedes de un congreso europeo sobre sostenibilidad"},"content":{"rendered":"  <p>Finestrat<\/p>   <p>Finestrat acoger\u00e1 del 3 al 6 de junio la segunda de las jornadas del I Congreso Europeo del proyecto <a href=\"http:\/\/ED.U.CO\" rel=\"nofollow noopener\" target=\"_blank\">ED.U.CO<\/a>. Bajo el lema \u201cConstruyendo un  futuro sostenible\u201d la ciudad albergar\u00e1 una serie de jornadas y talleres interactivos sobre educaci\u00f3n ambiental y sostenibilidad. Se trata de la segunda parada de un total de 8 destinos europeos por los que este congreso pasar\u00e1 a lo largo de este 2024.<\/p>   <p>En el caso de Finestrat las jornadas se centrar\u00e1n en temas como el  cambio clim\u00e1tico, la energ\u00eda renovable y la reducci\u00f3n de residuos. \u201cEstamos participando en el I Congreso Europeo del plan Edu.Co con el objetivo de mejorar la sostenibilidad y fomentar la concienciaci\u00f3n de la juventud en materia de ecolog\u00eda y protecci\u00f3n medioambiental\u201d, ha se\u00f1alado el alcalde Juanfran P\u00e9rez.<\/p>  <p><p class=\"tit\"><span>Hora 14 Benidorm (24\/04\/2024)<\/span><\/p> <p class=\"emb\"><iframe loading=\"lazy\" src=\"https:\/\/cadenaser.com\/embed\/audio\/460\/cadenaser_benidorm_hora14benidorm_20240424_141700_143000\/\" width=\"100%\" height=\"360\" frameborder=\"0\" allowfullscreen><\/iframe><\/p><\/p>   <p>De hecho una delegaci\u00f3n finestratina, encabezada por el primer edil, se ha desplazado esta semana a Siena para asistir a la primera de las  jornadas de este congreso que, en el caso de la ciudad italiana, versaba sobre \u201cCiudadanos, Igualdad, Derechos y Valores\u201d.<\/p>   <p><a href=\"https:\/\/cadenaser.com\/tag\/finestrat\/a\/\" target=\"_blank\" rel=\"noopener\">El objetivo de esta visita, seg\u00fan Llorca, pasar por trabajar junto a la  alcaldesa de Siena \u201cen un proyecto conjunto que nos permita lograr nuevos fondos europeos para llevar adelante actuaciones en materia de sostenibilidad\u201d<\/a>.<\/p>   <p>El Proyecto Ed.U.Co. tiene como objetivo establecer una Comunidad Urbana Educativa Ambiental que sirva como Red Europea Ambiental. Este proyecto  une a ciudadan\u00eda de diferentes ciudades y pa\u00edses para colaborar en soluciones sostenibles para los problemas clim\u00e1ticos  y ambientales. Involucra a m\u00e1s de 400 participantes y se estima que  llegar\u00e1, de forma indirecta, a m\u00e1s de 25.000 personas.<\/p>   <p>Adem\u00e1s de Siena y Finestrat, ser\u00e1n sede de este congreso europeo Trikala  (Grecia), Ko\u010devje (Eslovenia), Brasov (Ruman\u00eda), Kekava (Letonia),  \u00dajbuda (Hungr\u00eda ) y Athineou (Chipre).<\/p> ","protected":false},"excerpt":{"rendered":"<p>Explora colaborar con Siena, en Italia, para captar fondos europeos<\/p>\n","protected":false},"author":0,"featured_media":4411,"comment_status":"open","ping_status":"open","sticky":false,"template":"","format":"standard","meta":{"_acf_changed":false,"footnotes":""},"categories":[1],"tags":[],"class_list":["post-4410","post","type-post","status-publish","format-standard","has-post-thumbnail","hentry","category-sin-categoria"],"acf":{"ser_id":"RHA54LGXLFGJ7H6CIYXJ65DH44","ser_url":"https:\/\/cadenaser.com\/comunitat-valenciana\/2024\/04\/24\/finestrat-sera-una-de-las-ocho-sedes-de-un-congreso-europeo-sobre-sostenibilidad-radio-benidorm\/"},"_links":{"self":[{"href":"https:\/\/serbenidorm.daliisolutions.com\/index.php\/wp-json\/wp\/v2\/posts\/4410","targetHints":{"allow":["GET"]}}],"collection":[{"href":"https:\/\/serbenidorm.daliisolutions.com\/index.php\/wp-json\/wp\/v2\/posts"}],"about":[{"href":"https:\/\/serbenidorm.daliisolutions.com\/index.php\/wp-json\/wp\/v2\/types\/post"}],"replies":[{"embeddable":true,"href":"https:\/\/serbenidorm.daliisolutions.com\/index.php\/wp-json\/wp\/v2\/comments?post=4410"}],"version-history":[{"count":0,"href":"https:\/\/serbenidorm.daliisolutions.com\/index.php\/wp-json\/wp\/v2\/posts\/4410\/revisions"}],"wp:featuredmedia":[{"embeddable":true,"href":"https:\/\/serbenidorm.daliisolutions.com\/index.php\/wp-json\/wp\/v2\/media\/4411"}],"wp:attachment":[{"href":"https:\/\/serbenidorm.daliisolutions.com\/index.php\/wp-json\/wp\/v2\/media?parent=4410"}],"wp:term":[{"taxonomy":"category","embeddable":true,"href":"https:\/\/serbenidorm.daliisolutions.com\/index.php\/wp-json\/wp\/v2\/categories?post=4410"},{"taxonomy":"post_tag","embeddable":true,"href":"https:\/\/serbenidorm.daliisolutions.com\/index.php\/wp-json\/wp\/v2\/tags?post=4410"}],"curies":[{"name":"wp","href":"https:\/\/api.w.org\/{rel}","templated":true}]}}