{"id":4435,"date":"2024-04-25T11:27:57","date_gmt":"2024-04-25T09:27:57","guid":{"rendered":"https:\/\/serbenidorm.daliisolutions.com\/index.php\/2024\/04\/25\/la-ser-revalida-su-liderazgo-de-la-radio-en-espana-con-4-293-000-oyentes-segun-la-primera-ola-del-egm-de-2024\/"},"modified":"2024-04-25T11:27:57","modified_gmt":"2024-04-25T09:27:57","slug":"la-ser-revalida-su-liderazgo-de-la-radio-en-espana-con-4-293-000-oyentes-segun-la-primera-ola-del-egm-de-2024","status":"publish","type":"post","link":"https:\/\/serbenidorm.daliisolutions.com\/index.php\/2024\/04\/25\/la-ser-revalida-su-liderazgo-de-la-radio-en-espana-con-4-293-000-oyentes-segun-la-primera-ola-del-egm-de-2024\/","title":{"rendered":"La SER revalida su liderazgo de la radio en Espa\u00f1a con 4.293.000 oyentes, seg\u00fan la primera ola del EGM de 2024"},"content":{"rendered":"  <p>Madrid<\/p>   <p>La SER ha revalidado su liderazgo de la radio en Espa\u00f1a con 4.293.000 oyentes, seg\u00fan los datos de la primera ola del EGM en 2024 que se han conocido este jueves. Es la radio que m\u00e1s crece respecto a la misma ola de hace un a\u00f1o, y se afianza como la opci\u00f3n favorita de los oyentes en informaci\u00f3n y entretenimiento.<\/p>   <p>Todos los programas de la SER lideran sus respectivas franjas de lunes a viernes, superan a COPE en m\u00e1s de 800.000 oyentes y duplican la audiencia de Onda Cero.<\/p>  <p><figure><img decoding=\"async\" src=\"https:\/\/cadenaser.com\/resizer\/xHF7Zwbinp_v-UgyMvSHbtRlu4I=\/650x366\/filters:quality(70)\/cloudfront-eu-central-1.images.arcpublishing.com\/prisaradio\/3PRKGXC7Q5DERF5KMPJWBWONPM.png\" loading=\"lazy\" width=\"650\" height=\"366\" \/><figcaption class=\"fc\"><p><span>&#8216;Hoy por Hoy&#8217; mantiene su liderazgo indiscutible en las ma\u00f1anas con una audiencia de 3.066.000 oyentes diarios.<\/span> \/ <span>CADENA SER<\/span><\/p><\/figcaption><\/figure><button>Ampliar<\/button><\/p>   <p><a href=\"https:\/\/cadenaser.com\/cadena-ser\/hoy-por-hoy\/\" target=\"_blank\" rel=\"noopener\"><i>Hoy por Hoy<\/i><\/a><i> <\/i>mantiene su liderazgo indiscutible en las ma\u00f1anas con una audiencia de <a href=\"https:\/\/cadenaser.com\/nacional\/2024\/04\/25\/hoy-por-hoy-consigue-3066000-oyentes-y-se-reafirma-como-el-programa-mas-escuchado-de-la-radio-en-espana-cadena-ser\/\" target=\"_blank\" rel=\"noopener\">3.066.000 oyentes diarios<\/a>. Supera en m\u00e1s de 380.000 oyentes al segundo espacio radiof\u00f3nico, <i>Herrera en COPE<\/i>, y suma un mill\u00f3n y medio m\u00e1s de oyentes que<i> M\u00e1s de Uno<\/i> de Onda Cero, que sigue siendo la tercera opci\u00f3n.<\/p>   <p><a href=\"https:\/\/cadenaser.com\/cadena-ser\/hora-25\/\" target=\"_blank\" rel=\"noopener\"><i>Hora 25<\/i><\/a>, dirigido por Aimar Bretos, <a href=\"https:\/\/cadenaser.com\/nacional\/2024\/04\/24\/hora-25-con-aimar-bretos-lidera-las-noches-informativas-de-radio-con-xxxxxxx-oyentes-cadena-ser\/\" target=\"_blank\" rel=\"noopener\">confirma su liderazgo de las noches informativas con 1.059.000 oyentes<\/a>.<\/p>   <p>Con Javier Casal al frente, <a href=\"https:\/\/cadenaser.com\/cadena-ser\/hora-14\/\" target=\"_blank\" rel=\"noopener\"><i>Hora 14<\/i><\/a>, consigue 490.000 oyentes diarios y lidera en el horario de su programa de 14:00 a 15:00 de la tarde.<\/p>  <p><figure><img decoding=\"async\" src=\"https:\/\/cadenaser.com\/resizer\/C3Y2lMcl45-lYmdrqfT542-ZfSU=\/650x366\/filters:quality(70)\/cloudfront-eu-central-1.images.arcpublishing.com\/prisaradio\/T63NR2IIRREHRL436VAGRKOJXQ.png\" loading=\"lazy\" width=\"650\" height=\"366\" \/><figcaption class=\"fc\"><p><span>&#8216;Hora 25&#8217;, l\u00edder de la noche informativa<\/span> \/ <span>CADENA SER<\/span><\/p><\/figcaption><\/figure><button>Ampliar<\/button><\/p>   <p>La cadena preferida de las tardes y las madrugadas de la radio<\/p>   <p>La SER es tambi\u00e9n la cadena preferida de las tardes de la radio: <a href=\"https:\/\/cadenaser.com\/cadena-ser\/la-ventana\/\" target=\"_blank\" rel=\"noopener\"><i>La Ventana<\/i><\/a>, de Carles Francino, con <a href=\"https:\/\/cadenaser.com\/nacional\/2024\/04\/25\/la-ventana-lidera-las-tardes-de-la-radio-en-espana-con-1005000-oyentes-cadena-ser\/\" target=\"_blank\" rel=\"noopener\">m\u00e1s de un mill\u00f3n de oyentes<\/a>, contin\u00faa siendo la primera opci\u00f3n a gran distancia de sus competidores.<\/p>   <p><a href=\"https:\/\/cadenaser.com\/cadena-ser\/a-vivir-que-son-dos-dias\/\" target=\"_blank\" rel=\"noopener\"><i>A vivir que son dos d\u00edas<\/i><\/a>, de Javier del Pino, <a href=\"https:\/\/cadenaser.com\/nacional\/2024\/04\/25\/a-vivir-que-son-dos-dias-lidera-las-mananas-de-los-fines-de-semana-con-2138000-oyentes-los-sabados-y-1746000-los-domingos-cadena-ser\/\" target=\"_blank\" rel=\"noopener\">refuerza su liderazgo en las ma\u00f1anas del fin de semana<\/a>. Los s\u00e1bados incrementa su audiencia con respecto a la \u00faltima ola y registra 2.138.000 oyentes. Los domingos consigue 1.746.000 oyentes.<\/p>  <p><figure><img decoding=\"async\" src=\"https:\/\/cadenaser.com\/resizer\/LRz2ATdSdqAMRWdIGNvl_sixRsI=\/650x366\/filters:quality(70)\/cloudfront-eu-central-1.images.arcpublishing.com\/prisaradio\/X5SXVQB3PNEGJC4X4LYK4X2JAU.png\" loading=\"lazy\" width=\"650\" height=\"366\" \/><figcaption class=\"fc\"><p><span>Javier del Pino, l\u00edder de las ma\u00f1anas de fin de semana.<\/span><\/p><\/figcaption><\/figure><button>Ampliar<\/button><\/p>   <p>La SER tambi\u00e9n domina las madrugadas con <a href=\"https:\/\/cadenaser.com\/cadena-ser\/el-faro\/\" target=\"_blank\" rel=\"noopener\"><i>El Faro<\/i><\/a> y <a href=\"https:\/\/cadenaser.com\/cadena-ser\/si-amanece-nos-vamos\/\" target=\"_blank\" rel=\"noopener\"><i>Si amanece nos vamos<\/i><\/a>, ambos l\u00edderes en sus tramos horarios.<\/p>   <p><i>El Faro<\/i> de Mara Torres supera los 200.000 oyentes y <i>Si amanece nos vamos<\/i>, con Roberto S\u00e1nchez, consigue 116.000 oyentes.<\/p>  <p><figure><img decoding=\"async\" src=\"https:\/\/cadenaser.com\/resizer\/Wg0DXwLCnaZUmK_M6g_U6VU2cpo=\/650x366\/filters:quality(70)\/cloudfront-eu-central-1.images.arcpublishing.com\/prisaradio\/BR4WUQJZTREYJGX77HUTGJPZGQ.png\" loading=\"lazy\" width=\"650\" height=\"366\" \/><figcaption class=\"fc\"><p><span>&#8216;La Ventana&#8217;, de Carles Francino, l\u00edder de las tardes.<\/span> \/ <span>CADENA SER<\/span><\/p><\/figcaption><\/figure><button>Ampliar<\/button><\/p>   <p>L\u00edder de las noches deportivas<\/p>   <p>En deportes, <a href=\"https:\/\/cadenaser.com\/cadena-ser\/el-larguero\/\" target=\"_blank\" rel=\"noopener\"><i>El Larguero<\/i><\/a>, que dirige cada noche Manu Carre\u00f1o, lidera las noches deportivas con 791.000 oyentes y se distancia de <i>El Partidazo<\/i> de COPE.<\/p>   <p>El fin de semana, <a href=\"https:\/\/cadenaser.com\/cadena-ser\/carrusel-deportivo\/\" target=\"_blank\" rel=\"noopener\"><i>Carrusel Deportivo<\/i><\/a>, con Dani Garrido, suma 1.551.000 oyentes los s\u00e1bados y los domingos alcanza 1.646.000 oyentes.<\/p>   <p>De lunes a viernes, 402.000 oyentes siguen a Francisco Jos\u00e9 Delgado <i>Pacoj\u00f3 <\/i>en <a href=\"https:\/\/cadenaser.com\/cadena-ser\/ser-deportivos\/\" target=\"_blank\" rel=\"noopener\"><i>SER Deportivos<\/i><\/a><i>.<\/i><\/p>  <p><figure><img decoding=\"async\" src=\"https:\/\/cadenaser.com\/resizer\/DYlr2ClfWe1odapcUbO92dTw2h8=\/650x366\/filters:quality(70)\/cloudfront-eu-central-1.images.arcpublishing.com\/prisaradio\/A4VRXHYV55BXRMUDPICA7B257A.png\" loading=\"lazy\" width=\"650\" height=\"366\" \/><figcaption class=\"fc\"><p><span>Manu Carre\u00f1o y Dani Garrido, directores de &#8216;El Larguero&#8217; y &#8216;Carrusel Deportivo&#8217;.<\/span> \/ <span>CADENA SER<\/span><\/p><\/figcaption><\/figure><button>Ampliar<\/button><\/p>   <p>El mejor dato de la radio musical desde 2019<\/p>   <p>La radio musical cosecha su mejor dato de 2019, con un dominio absoluto de LOS40, a la que siguen 3.100.000 oyentes.<\/p>   <p>El programa despertador <a href=\"https:\/\/los40.com\/los40\/anda_ya\/\" target=\"_blank\" rel=\"noopener\"><i>Anda Ya!<\/i><\/a>, con Dani Moreno y Cristina Bosc\u00e1 consigue uno de los mejores datos de su historia con 1.954.000 oyentes, el tercer programa m\u00e1s escuchado en nuestro pa\u00eds.<\/p>   <p>Cadena Dial sube por encima del mill\u00f3n y medio de oyentes.<\/p>   <p><a href=\"https:\/\/www.cadenadial.com\/programas\/atrevete\" target=\"_blank\" rel=\"noopener\"><i>Atr\u00e9vete<\/i><\/a>, dirigido por Jaime Moreno alcanza 919.000 seguidores.<\/p>   <p>La SER, l\u00edder tambi\u00e9n en digital<\/p>   <p>La SER, tambi\u00e9n es lidera el ranking de la radio digital, en <i>streaming<\/i> y podcast, con 1.123.000 oyentes.<\/p>   <p>PRISA Media lidera el consumo de audio en Espa\u00f1a, por delante de todas las plataformas de m\u00fasica y podcast, con casi 17 millones de oyentes diarios<\/p>   <p>En el a\u00f1o en el que la SER y la radio en Espa\u00f1a cumplimos cien a\u00f1os, el consumo total de la radio suma cerca de 24 millones de oyentes diarios.<\/p>   <p><p><strong>Sigue el canal de la SER en WhatsApp<\/strong><br \/>Encontrar\u00e1s toda la informaci\u00f3n, el deporte y el entretenimiento: la actualidad del d\u00eda y las noticias de \u00faltima hora, los mejores v\u00eddeos y momentos de la radio, entrevistas, reportajes y mucho m\u00e1s.<\/p><a href=\"https:\/\/www.whatsapp.com\/channel\/0029Va633PF9WtC4l7XUzh1e\" title=\"Suscr\u00edbete\">Suscr\u00edbete ahora<\/a><\/p> ","protected":false},"excerpt":{"rendered":"<p>Es la radio que m\u00e1s crece respecto a la misma ola de hace un a\u00f1o y todos los programas de la SER lideran sus respectivas franjas de lunes a viernes<\/p>\n","protected":false},"author":0,"featured_media":4436,"comment_status":"open","ping_status":"open","sticky":false,"template":"","format":"standard","meta":{"_acf_changed":false,"footnotes":""},"categories":[1],"tags":[],"class_list":["post-4435","post","type-post","status-publish","format-standard","has-post-thumbnail","hentry","category-sin-categoria"],"acf":{"ser_id":"TNDS2LK25NABBNR5D3WSBX3NJ4","ser_url":"https:\/\/cadenaser.com\/nacional\/2024\/04\/25\/la-ser-revalida-su-liderazgo-de-la-radio-en-espana-con-4293000-oyentes-segun-la-primera-ola-del-egm-de-2024-cadena-ser\/"},"_links":{"self":[{"href":"https:\/\/serbenidorm.daliisolutions.com\/index.php\/wp-json\/wp\/v2\/posts\/4435","targetHints":{"allow":["GET"]}}],"collection":[{"href":"https:\/\/serbenidorm.daliisolutions.com\/index.php\/wp-json\/wp\/v2\/posts"}],"about":[{"href":"https:\/\/serbenidorm.daliisolutions.com\/index.php\/wp-json\/wp\/v2\/types\/post"}],"replies":[{"embeddable":true,"href":"https:\/\/serbenidorm.daliisolutions.com\/index.php\/wp-json\/wp\/v2\/comments?post=4435"}],"version-history":[{"count":0,"href":"https:\/\/serbenidorm.daliisolutions.com\/index.php\/wp-json\/wp\/v2\/posts\/4435\/revisions"}],"wp:featuredmedia":[{"embeddable":true,"href":"https:\/\/serbenidorm.daliisolutions.com\/index.php\/wp-json\/wp\/v2\/media\/4436"}],"wp:attachment":[{"href":"https:\/\/serbenidorm.daliisolutions.com\/index.php\/wp-json\/wp\/v2\/media?parent=4435"}],"wp:term":[{"taxonomy":"category","embeddable":true,"href":"https:\/\/serbenidorm.daliisolutions.com\/index.php\/wp-json\/wp\/v2\/categories?post=4435"},{"taxonomy":"post_tag","embeddable":true,"href":"https:\/\/serbenidorm.daliisolutions.com\/index.php\/wp-json\/wp\/v2\/tags?post=4435"}],"curies":[{"name":"wp","href":"https:\/\/api.w.org\/{rel}","templated":true}]}}