{"id":4437,"date":"2024-04-25T13:11:30","date_gmt":"2024-04-25T11:11:30","guid":{"rendered":"https:\/\/serbenidorm.daliisolutions.com\/index.php\/2024\/04\/25\/la-policia-detiene-en-benidorm-a-tres-implicados-en-el-robo-de-una-casa-una-nina-de-12-anos-involucrada\/"},"modified":"2024-04-25T13:11:30","modified_gmt":"2024-04-25T11:11:30","slug":"la-policia-detiene-en-benidorm-a-tres-implicados-en-el-robo-de-una-casa-una-nina-de-12-anos-involucrada","status":"publish","type":"post","link":"https:\/\/serbenidorm.daliisolutions.com\/index.php\/2024\/04\/25\/la-policia-detiene-en-benidorm-a-tres-implicados-en-el-robo-de-una-casa-una-nina-de-12-anos-involucrada\/","title":{"rendered":"La Polic\u00eda detiene en Benidorm a tres implicados en el robo de una casa: una ni\u00f1a de 12 a\u00f1os involucrada"},"content":{"rendered":"  <p>Benidorm<\/p>   <p>La Polic\u00eda Nacional ha detenido en Benidorm a tres implicados en el robo de un domicilio. Los hechos, seg\u00fan ha informado el cuerpo en un comunicado, involucraron a una menor de edad ocurrieron por la tarde <a href=\"https:\/\/cadenaser.com\/tag\/benidorm\/a\/\" target=\"_blank\" rel=\"noopener\">cuando los vecinos de una urbanizaci\u00f3n de la ciudad observaron como cinco personas ajenas a la comunidad, dos hombres y tres mujeres, hab\u00edan aparcado un veh\u00edculo en el recinto<\/a>.<\/p>   <p>Se bajaron del coche para seguidamente ir a una de las casas, donde forzaron la puerta principal, consiguiendo entrar al interior de la vivienda. Cuando los propios vecinos sorprendieron a estos delincuentes, se marcharon del lugar apresuradamente portando consigo varias maletas y bolsas de grandes dimensiones que hab\u00edan sustra\u00eddo del interior de la casa.<\/p>  <p><figure><img decoding=\"async\" src=\"https:\/\/cadenaser.com\/resizer\/3rw7_FuLpP22m0y2kAH1Yf-DBl0=\/650x366\/filters:quality(70)\/cloudfront-eu-central-1.images.arcpublishing.com\/prisaradio\/N2ABVKS2CNEWBDXCEDUSFZXNVI.jpg\" loading=\"lazy\" width=\"240\" height=\"135\" \/><\/figure><div><a href=\"https:\/\/cadenaser.com\/comunitat-valenciana\/2024\/04\/24\/benidorm-espera-autorizacion-para-renovar-la-red-de-pluviales-de-la-plaza-del-torrejo-y-la-avenida-virgen-del-sufragio-radio-benidorm\/\">Benidorm espera autorizaci\u00f3n para renovar la red de pluviales de la plaza del Torrej\u00f3 y la avenida Virgen del Sufragio<\/a><p><\/p><\/div><\/p>   <p>Consiguieron sustraer varias c\u00e1maras fotogr\u00e1ficas, herramientas y armas de aire comprimido. Los tres detenidos, entre 28 y 38 a\u00f1os y con antecedentes previos, fueron localizados en Benidorm y se pudo identificar a otras dos personas relacionadas, una de ellas la hija de 12 a\u00f1os de una de las detenidas que es inimputable.<\/p> ","protected":false},"excerpt":{"rendered":"<p>Fueron sorprendidos por los vecinos de la urbanizaci\u00f3n y se dieron a la fuga<\/p>\n","protected":false},"author":0,"featured_media":4438,"comment_status":"open","ping_status":"open","sticky":false,"template":"","format":"standard","meta":{"_acf_changed":false,"footnotes":""},"categories":[1],"tags":[],"class_list":["post-4437","post","type-post","status-publish","format-standard","has-post-thumbnail","hentry","category-sin-categoria"],"acf":{"ser_id":"DIKKJWQOZVAA5HU2NZEW46MJAI","ser_url":"https:\/\/cadenaser.com\/comunitat-valenciana\/2024\/04\/25\/la-policia-detiene-en-benidorm-a-tres-implicados-en-el-robo-de-una-casa-una-nina-de-12-anos-involucrada-radio-benidorm\/"},"_links":{"self":[{"href":"https:\/\/serbenidorm.daliisolutions.com\/index.php\/wp-json\/wp\/v2\/posts\/4437","targetHints":{"allow":["GET"]}}],"collection":[{"href":"https:\/\/serbenidorm.daliisolutions.com\/index.php\/wp-json\/wp\/v2\/posts"}],"about":[{"href":"https:\/\/serbenidorm.daliisolutions.com\/index.php\/wp-json\/wp\/v2\/types\/post"}],"replies":[{"embeddable":true,"href":"https:\/\/serbenidorm.daliisolutions.com\/index.php\/wp-json\/wp\/v2\/comments?post=4437"}],"version-history":[{"count":0,"href":"https:\/\/serbenidorm.daliisolutions.com\/index.php\/wp-json\/wp\/v2\/posts\/4437\/revisions"}],"wp:featuredmedia":[{"embeddable":true,"href":"https:\/\/serbenidorm.daliisolutions.com\/index.php\/wp-json\/wp\/v2\/media\/4438"}],"wp:attachment":[{"href":"https:\/\/serbenidorm.daliisolutions.com\/index.php\/wp-json\/wp\/v2\/media?parent=4437"}],"wp:term":[{"taxonomy":"category","embeddable":true,"href":"https:\/\/serbenidorm.daliisolutions.com\/index.php\/wp-json\/wp\/v2\/categories?post=4437"},{"taxonomy":"post_tag","embeddable":true,"href":"https:\/\/serbenidorm.daliisolutions.com\/index.php\/wp-json\/wp\/v2\/tags?post=4437"}],"curies":[{"name":"wp","href":"https:\/\/api.w.org\/{rel}","templated":true}]}}