{"id":4442,"date":"2024-04-25T16:39:28","date_gmt":"2024-04-25T14:39:28","guid":{"rendered":"https:\/\/serbenidorm.daliisolutions.com\/index.php\/2024\/04\/25\/mas-de-1200-bolas-de-helado-artesano-repartidas-en-la-ii-jornada-de-la-heladeria-artesana-celebrada-en-la-vila-joiosa\/"},"modified":"2024-04-25T16:39:28","modified_gmt":"2024-04-25T14:39:28","slug":"mas-de-1200-bolas-de-helado-artesano-repartidas-en-la-ii-jornada-de-la-heladeria-artesana-celebrada-en-la-vila-joiosa","status":"publish","type":"post","link":"https:\/\/serbenidorm.daliisolutions.com\/index.php\/2024\/04\/25\/mas-de-1200-bolas-de-helado-artesano-repartidas-en-la-ii-jornada-de-la-heladeria-artesana-celebrada-en-la-vila-joiosa\/","title":{"rendered":"M\u00e1s de 1200 bolas de helado artesano repartidas en la II Jornada de la Helader\u00eda Artesana celebrada en La Vila Joiosa"},"content":{"rendered":"  <p>La Vila Joiosa<\/p>   <p>La II Jornada de la Helader\u00eda Artesana de la provincia de Alicante se ha celebrado en La Vila Joiosa donde se ha repertido, en su mercado municipal, m\u00e1s de 1200 bolas de helado artesano.<\/p>   <p>Los maestros heladeros Miguel \u00c1ngel Verd\u00fa y Jos\u00e9 Pascual Cort\u00e9s de la helader\u00eda Alboraya de Villajoyosa, Albert Sirvent de la helader\u00eda Sirvent de Benidorm e Iv\u00e1n Ivars de Helados Jijona de El Campello han ofrecido 90 kilogramos de helado para celebrar esta jornada.<\/p>   <p>Entre los sabores, destacan el vilero, elaborado con chocolate Valor, y el sorbete de nardo, elaborados por la helader\u00eda Alboraya. El p\u00fablico ha degustado tambi\u00e9n tarrinas con sabor de M\u00e1laga, sorbete de mango, leche merengada, tutti fruttti, gofre, mascarpone con galleta lotus y dulce de leche, crema catalana, yogurt griego, pistacho caramelizado y pralin\u00e9 de pistacho y milhoja caramelizada, queso y pistacho.<\/p>   <p>El presidente de la Asociaci\u00f3n Nacional de Heladeros Artesanos, Marco Miquel, ha explicado que el gofre est\u00e1 presente en este evento porque es el sabor europeo de 2024 escogido por las principales asociaciones europeas de heladeros artesanos en el D\u00eda Europeo del Helado Artesano, celebrado el 24 de marzo.<\/p>   <p>El Alcalde Marcos Zaragoza ha agradecido la apuesta de la Asociaci\u00f3n Nacional de Heladeros por Villajoyosa para albergar este encuentro y explica que \u201csi se habla de gastronom\u00eda en la provincia de Alicante, se habla de La Vila, adem\u00e1s de que hace 26 a\u00f1os que est\u00e1 trabajando con la gastronom\u00eda como elemento de promoci\u00f3n tur\u00edstica y que eventos como el de hoy se engloban de la marca La Vila Gastron\u00f3mica\u201d.<\/p>   <p>Al acto tambi\u00e9n ha participado el Presidente de la Diputaci\u00f3n de Alicante, Toni P\u00e9rez, quien ha destacado que \u201cVillajoyosa es un buen destino para promocionar la calidad de los productos artesanos de la provincia de Alicante. El helado se puede consumir durante todo el a\u00f1o y contribuye a la industria de la felicidad que es el turismo. En la provincia contamos con grandes maestros artesanos que elaboran helados artesanos y el Mercat, como mercado de proximidad, es el lugar id\u00f3neo para promocionar este producto local\u201d.<\/p>   <p><p><strong>Sigue el canal de la SER en WhatsApp<\/strong><br \/>Encontrar\u00e1s toda la informaci\u00f3n, el deporte y el entretenimiento: la actualidad del d\u00eda y las noticias de \u00faltima hora, los mejores v\u00eddeos y momentos de la radio, entrevistas, reportajes y mucho m\u00e1s.<\/p><a href=\"https:\/\/www.whatsapp.com\/channel\/0029Va633PF9WtC4l7XUzh1e\" title=\"Suscr\u00edbete\">Suscr\u00edbete ahora<\/a><\/p> ","protected":false},"excerpt":{"rendered":"<p>Sabores como el nardo vilero, la crema catalana o el gofre forman parte de la muestra de 90 kilogramos de helados artesanos elaborados por maestros de La Vila Joiosa, Benidorm y El Campello<\/p>\n","protected":false},"author":0,"featured_media":4443,"comment_status":"open","ping_status":"open","sticky":false,"template":"","format":"standard","meta":{"_acf_changed":false,"footnotes":""},"categories":[1],"tags":[],"class_list":["post-4442","post","type-post","status-publish","format-standard","has-post-thumbnail","hentry","category-sin-categoria"],"acf":{"ser_id":"UEJ63JDMGBEX5EUWN47CYJ3JHQ","ser_url":"https:\/\/cadenaser.com\/comunitat-valenciana\/2024\/04\/25\/mas-de-1200-bolas-de-helado-artesano-repartidas-en-la-ii-jornada-de-la-heladeria-artesana-celebrada-en-la-vila-joiosa-radio-benidorm\/"},"_links":{"self":[{"href":"https:\/\/serbenidorm.daliisolutions.com\/index.php\/wp-json\/wp\/v2\/posts\/4442","targetHints":{"allow":["GET"]}}],"collection":[{"href":"https:\/\/serbenidorm.daliisolutions.com\/index.php\/wp-json\/wp\/v2\/posts"}],"about":[{"href":"https:\/\/serbenidorm.daliisolutions.com\/index.php\/wp-json\/wp\/v2\/types\/post"}],"replies":[{"embeddable":true,"href":"https:\/\/serbenidorm.daliisolutions.com\/index.php\/wp-json\/wp\/v2\/comments?post=4442"}],"version-history":[{"count":0,"href":"https:\/\/serbenidorm.daliisolutions.com\/index.php\/wp-json\/wp\/v2\/posts\/4442\/revisions"}],"wp:featuredmedia":[{"embeddable":true,"href":"https:\/\/serbenidorm.daliisolutions.com\/index.php\/wp-json\/wp\/v2\/media\/4443"}],"wp:attachment":[{"href":"https:\/\/serbenidorm.daliisolutions.com\/index.php\/wp-json\/wp\/v2\/media?parent=4442"}],"wp:term":[{"taxonomy":"category","embeddable":true,"href":"https:\/\/serbenidorm.daliisolutions.com\/index.php\/wp-json\/wp\/v2\/categories?post=4442"},{"taxonomy":"post_tag","embeddable":true,"href":"https:\/\/serbenidorm.daliisolutions.com\/index.php\/wp-json\/wp\/v2\/tags?post=4442"}],"curies":[{"name":"wp","href":"https:\/\/api.w.org\/{rel}","templated":true}]}}