{"id":4462,"date":"2024-04-25T19:37:12","date_gmt":"2024-04-25T17:37:12","guid":{"rendered":"https:\/\/serbenidorm.daliisolutions.com\/index.php\/2024\/04\/25\/acampada-de-penas-en-benidorm-horarios-transportes-y-aparcamiento\/"},"modified":"2024-04-25T19:37:12","modified_gmt":"2024-04-25T17:37:12","slug":"acampada-de-penas-en-benidorm-horarios-transportes-y-aparcamiento","status":"publish","type":"post","link":"https:\/\/serbenidorm.daliisolutions.com\/index.php\/2024\/04\/25\/acampada-de-penas-en-benidorm-horarios-transportes-y-aparcamiento\/","title":{"rendered":"Acampada de pe\u00f1as en Benidorm: horarios, transportes y aparcamiento"},"content":{"rendered":"  <p>Benidorm<\/p>   <p>Todo preparado en la avenida Juan Pablo II, en la zona de Poniente, para la celebraci\u00f3n del Mig Any festero de Benidorm. Cerca de 5.000 pe\u00f1istas van a participar este fin de semana en la tradicional Acampada que cada a\u00f1o organiza<a href=\"https:\/\/cadenaser.com\/tag\/benidorm\/a\/\" target=\"_blank\" rel=\"noopener\"> l\u2019Associaci\u00f3 de Penyes \u2018Verge del Sofratge\u2019<\/a>.<\/p>   <p>Son en total m\u00e1s de 200 pe\u00f1as para ocupar las 291 parcelas delineadas en un recinto que abrir\u00e1 el viernes a las 08:00 hrs. y por el que a lo pasar\u00e1n hasta el domingo actuaciones musicales, juegos y bingos populares, hinchables para los m\u00e1s peque\u00f1os o un concurso de paellas.<\/p>   <p>Este espacio permanecer\u00e1 libre de coches desde las 18:00 hrs. del viernes hasta las 19:00 hrs. del domingo, cuando podr\u00e1n acceder para la recogida hasta las 21.00 hrs. Por otro lado, la entrega de pulseras y tarjetas para los pe\u00f1istas asociados tendr\u00e1 lugar en la carpa de l&#8217;Associaci\u00f3 desde las 10:00 hrs. del viernes.<\/p>   <p><div><blockquote class=\"instagram-media\" data-instgrm-captioned data-instgrm-permalink=\"https:\/\/www.instagram.com\/p\/C56oNZELYwz\/?utm_source=ig_embed&amp;utm_campaign=loading\" data-instgrm-version=\"14\" style=\"background:#FFF;border:0;border-radius:3px;margin: 1px;max-width:658px;min-width:326px;padding:0;width:99.375%;width:-webkit-calc(100% - 2px);width:calc(100% - 2px)\"><div style=\"padding:16px\"> <a href=\"https:\/\/www.instagram.com\/p\/C56oNZELYwz\/?utm_source=ig_embed&amp;utm_campaign=loading\" style=\"background:#FFFFFF;line-height:0;padding:0 0;text-align:center;text-decoration:none;width:100%\" target=\"_blank\" rel=\"noopener\"> <div style=\"flex-direction: row;align-items: center\"> <div style=\"background-color: #F4F4F4;border-radius: 50%;flex-grow: 0;height: 40px;margin-right: 14px;width: 40px\"><\/div> <div style=\"flex-direction: column;flex-grow: 1;justify-content: center\"> <div style=\"background-color: #F4F4F4;border-radius: 4px;flex-grow: 0;height: 14px;margin-bottom: 6px;width: 100px\"><\/div> <div style=\"background-color: #F4F4F4;border-radius: 4px;flex-grow: 0;height: 14px;width: 60px\"><\/div><\/div><\/div><div style=\"padding: 19% 0\"><\/div> <div style=\"height:50px;margin:0 auto 12px;width:50px\"><\/div><div style=\"padding-top: 8px\"> <div style=\"color:#3897f0;font-family:Arial,sans-serif;font-size:14px;font-style:normal;font-weight:550;line-height:18px\">View this post on Instagram<\/div><\/div><div style=\"padding: 12.5% 0\"><\/div> <div style=\"flex-direction: row;margin-bottom: 14px;align-items: center\"><div> <div style=\"background-color: #F4F4F4;border-radius: 50%;height: 12.5px;width: 12.5px\"><\/div> <div style=\"background-color: #F4F4F4;height: 12.5px;width: 12.5px;flex-grow: 0;margin-right: 14px;margin-left: 2px\"><\/div> <div style=\"background-color: #F4F4F4;border-radius: 50%;height: 12.5px;width: 12.5px\"><\/div><\/div><div style=\"margin-left: 8px\"> <div style=\"background-color: #F4F4F4;border-radius: 50%;flex-grow: 0;height: 20px;width: 20px\"><\/div> <div style=\"width: 0;height: 0;border-top: 2px solid transparent;border-left: 6px solid #f4f4f4;border-bottom: 2px solid transparent\"><\/div><\/div><div style=\"margin-left: auto\"> <div style=\"width: 0px;border-top: 8px solid #F4F4F4;border-right: 8px solid transparent\"><\/div> <div style=\"background-color: #F4F4F4;flex-grow: 0;height: 12px;width: 16px\"><\/div> <div style=\"width: 0;height: 0;border-top: 8px solid #F4F4F4;border-left: 8px solid transparent\"><\/div><\/div><\/div> <div style=\"flex-direction: column;flex-grow: 1;justify-content: center;margin-bottom: 24px\"> <div style=\"background-color: #F4F4F4;border-radius: 4px;flex-grow: 0;height: 14px;margin-bottom: 6px;width: 224px\"><\/div> <div style=\"background-color: #F4F4F4;border-radius: 4px;flex-grow: 0;height: 14px;width: 144px\"><\/div><\/div><\/a><p style=\"color:#c9c8cd;font-family:Arial,sans-serif;font-size:14px;line-height:17px;margin-bottom:0;margin-top:8px;overflow:hidden;padding:8px 0 7px;text-align:center\"><a href=\"https:\/\/www.instagram.com\/p\/C56oNZELYwz\/?utm_source=ig_embed&amp;utm_campaign=loading\" style=\"color:#c9c8cd;font-family:Arial,sans-serif;font-size:14px;font-style:normal;font-weight:normal;line-height:17px;text-decoration:none\" target=\"_blank\" rel=\"noopener\">A post shared by Associaci\u00f3 de Penyes (@associaciopenyes)<\/a><\/p><\/div><\/blockquote> <\/div><\/p>   <p>\u00abAmistad y respeto\u00bb<\/p>   <p>El presidente de l&#8217;Associaci\u00f3 de Penyes, Jaime Cort\u00e9s, ha hecho un llamamiento en <a href=\"https:\/\/cadenaser.com\/tag\/comarca_la_marina_baixa\/a\/\" target=\"_blank\" rel=\"noopener\">La Ventana de la Marina Baixa<\/a> a disfrutar con respeto de la Acampada: \u00abLo que a alguno le puede parecer divertido igual le molesta a la pe\u00f1a de al lado\u00bb.<\/p>   <p>\u00abPienso que las normas son sobre todo para fomentar el buen ambiente y quien quiera m\u00fasica para eso tiene las actuaciones que abarcan casi todos los estilos\u00bb, ha remarcado.<\/p>   <p>En otro orden de cosas y como viene sucediendo en las \u00faltimas acampadas tampoco se podr\u00e1 hacer fuego ni utilizar planchas el\u00e9ctricas. S\u00f3lo est\u00e1 permitido el uso de gas.<\/p>   <p><div><blockquote class=\"instagram-media\" data-instgrm-captioned data-instgrm-permalink=\"https:\/\/www.instagram.com\/p\/C6L-UAyoTle\/?utm_source=ig_embed&amp;utm_campaign=loading\" data-instgrm-version=\"14\" style=\"background:#FFF;border:0;border-radius:3px;margin: 1px;max-width:658px;min-width:326px;padding:0;width:99.375%;width:-webkit-calc(100% - 2px);width:calc(100% - 2px)\"><div style=\"padding:16px\"> <a href=\"https:\/\/www.instagram.com\/p\/C6L-UAyoTle\/?utm_source=ig_embed&amp;utm_campaign=loading\" style=\"background:#FFFFFF;line-height:0;padding:0 0;text-align:center;text-decoration:none;width:100%\" target=\"_blank\" rel=\"noopener\"> <div style=\"flex-direction: row;align-items: center\"> <div style=\"background-color: #F4F4F4;border-radius: 50%;flex-grow: 0;height: 40px;margin-right: 14px;width: 40px\"><\/div> <div style=\"flex-direction: column;flex-grow: 1;justify-content: center\"> <div style=\"background-color: #F4F4F4;border-radius: 4px;flex-grow: 0;height: 14px;margin-bottom: 6px;width: 100px\"><\/div> <div style=\"background-color: #F4F4F4;border-radius: 4px;flex-grow: 0;height: 14px;width: 60px\"><\/div><\/div><\/div><div style=\"padding: 19% 0\"><\/div> <div style=\"height:50px;margin:0 auto 12px;width:50px\"><\/div><div style=\"padding-top: 8px\"> <div style=\"color:#3897f0;font-family:Arial,sans-serif;font-size:14px;font-style:normal;font-weight:550;line-height:18px\">View this post on Instagram<\/div><\/div><div style=\"padding: 12.5% 0\"><\/div> <div style=\"flex-direction: row;margin-bottom: 14px;align-items: center\"><div> <div style=\"background-color: #F4F4F4;border-radius: 50%;height: 12.5px;width: 12.5px\"><\/div> <div style=\"background-color: #F4F4F4;height: 12.5px;width: 12.5px;flex-grow: 0;margin-right: 14px;margin-left: 2px\"><\/div> <div style=\"background-color: #F4F4F4;border-radius: 50%;height: 12.5px;width: 12.5px\"><\/div><\/div><div style=\"margin-left: 8px\"> <div style=\"background-color: #F4F4F4;border-radius: 50%;flex-grow: 0;height: 20px;width: 20px\"><\/div> <div style=\"width: 0;height: 0;border-top: 2px solid transparent;border-left: 6px solid #f4f4f4;border-bottom: 2px solid transparent\"><\/div><\/div><div style=\"margin-left: auto\"> <div style=\"width: 0px;border-top: 8px solid #F4F4F4;border-right: 8px solid transparent\"><\/div> <div style=\"background-color: #F4F4F4;flex-grow: 0;height: 12px;width: 16px\"><\/div> <div style=\"width: 0;height: 0;border-top: 8px solid #F4F4F4;border-left: 8px solid transparent\"><\/div><\/div><\/div> <div style=\"flex-direction: column;flex-grow: 1;justify-content: center;margin-bottom: 24px\"> <div style=\"background-color: #F4F4F4;border-radius: 4px;flex-grow: 0;height: 14px;margin-bottom: 6px;width: 224px\"><\/div> <div style=\"background-color: #F4F4F4;border-radius: 4px;flex-grow: 0;height: 14px;width: 144px\"><\/div><\/div><\/a><p style=\"color:#c9c8cd;font-family:Arial,sans-serif;font-size:14px;line-height:17px;margin-bottom:0;margin-top:8px;overflow:hidden;padding:8px 0 7px;text-align:center\"><a href=\"https:\/\/www.instagram.com\/p\/C6L-UAyoTle\/?utm_source=ig_embed&amp;utm_campaign=loading\" style=\"color:#c9c8cd;font-family:Arial,sans-serif;font-size:14px;font-style:normal;font-weight:normal;line-height:17px;text-decoration:none\" target=\"_blank\" rel=\"noopener\">A post shared by Associaci\u00f3 de Penyes (@associaciopenyes)<\/a><\/p><\/div><\/blockquote> <\/div><\/p>   <p>Transporte y aparcamiento<\/p>   <p>El transporte p\u00fablico es fundamental durante la Acampada y se va a activar un servicio especial de taxi \u2013con una parada a las puertas del recinto- y otro de autob\u00fas urbano.<\/p>   <p>As\u00ed, los d\u00edas 26, 27 y 28 de abril, el servicio ordinario de las l\u00edneas 2 y 3 se prolongar\u00e1 hasta las 01.30 horas, con parada en la avenida Alcalde Vicente P\u00e9rez Devesa esquina con Juan Pablo II.<\/p>  <p><p>M\u00e1s informaci\u00f3n<\/p><figure><img decoding=\"async\" src=\"https:\/\/cadenaser.com\/resizer\/GM9MTDtUUBDOAnbNh-gZw1NxozA=\/650x366\/filters:quality(70)\/cloudfront-eu-central-1.images.arcpublishing.com\/prisaradio\/SGPLDTLJDVBA7J7IIHAW6KRGIY.jpg\" loading=\"lazy\" width=\"828\" height=\"621\" \/><\/figure><ul><li><a href=\"https:\/\/cadenaser.com\/comunitat-valenciana\/2024\/04\/24\/los-doce-puntos-de-espana-en-eurovision-por-tercer-ano-desde-benidorm-radio-benidorm\/\">Los doce puntos de Espa\u00f1a en Eurovisi\u00f3n, por tercer a\u00f1o desde Benidorm<\/a><\/li><\/ul><\/p>   <p>Desde esta misma parada saldr\u00e1n autobuses hacia el centro a las 06.00 y las 06.30 horas tanto el s\u00e1bado como el domingo. Asimismo, partir de las 07.00 horas operar\u00e1 el servicio habitual de la l\u00ednea 2 tambi\u00e9n desde esta parada.<\/p>   <p>Para los que recurran al veh\u00edculo privado y tras la experiencia del a\u00f1o pasado se va a volver a habilitar como aparcamiento la parcela ubicada al otro lado de la avenida Juan Pablo II con el objetivo de descongestionar de veh\u00edculos la zona de parking del recinto de la Acampada que gana as\u00ed espacio para los pe\u00f1istas<\/p>   <p>Seguridad<\/p>   <p>Se ha previsto un dispositivo sanitario de Cruz Roja y otro de la Polic\u00eda Local que, como es habitual, pondr\u00e1 especial atenci\u00f3n en evitar el consumo de bebidas alcoh\u00f3licas entre los menores de edad.<\/p>   <p>Para reforzar esa labor la Unidad de Prevenci\u00f3n Comunitaria en Conductas Adictivas (UPCCA) desplegar\u00e1 de nuevo la campa\u00f1a \u2018Coneixement\u2019. Adem\u00e1s la Concejal\u00eda de Igualdad instalar\u00e1 un \u2018punto violeta\u2019 para promover una fiesta libre de acoso sexual.<\/p> ","protected":false},"excerpt":{"rendered":"<p>Cerca de 5.000 pe\u00f1istas participar\u00e1n en el Mig Any festero que se celebra en la avenida Juan Pablo II<\/p>\n","protected":false},"author":0,"featured_media":4463,"comment_status":"open","ping_status":"open","sticky":false,"template":"","format":"standard","meta":{"_acf_changed":false,"footnotes":""},"categories":[1],"tags":[],"class_list":["post-4462","post","type-post","status-publish","format-standard","has-post-thumbnail","hentry","category-sin-categoria"],"acf":{"ser_id":"5JZLTXKKKJAIHCKV6T7KSJ2XUM","ser_url":"https:\/\/cadenaser.com\/comunitat-valenciana\/2024\/04\/25\/acampada-2024-de-benidorm-horarios-transportes-y-aparcamiento-radio-benidorm\/"},"_links":{"self":[{"href":"https:\/\/serbenidorm.daliisolutions.com\/index.php\/wp-json\/wp\/v2\/posts\/4462","targetHints":{"allow":["GET"]}}],"collection":[{"href":"https:\/\/serbenidorm.daliisolutions.com\/index.php\/wp-json\/wp\/v2\/posts"}],"about":[{"href":"https:\/\/serbenidorm.daliisolutions.com\/index.php\/wp-json\/wp\/v2\/types\/post"}],"replies":[{"embeddable":true,"href":"https:\/\/serbenidorm.daliisolutions.com\/index.php\/wp-json\/wp\/v2\/comments?post=4462"}],"version-history":[{"count":0,"href":"https:\/\/serbenidorm.daliisolutions.com\/index.php\/wp-json\/wp\/v2\/posts\/4462\/revisions"}],"wp:featuredmedia":[{"embeddable":true,"href":"https:\/\/serbenidorm.daliisolutions.com\/index.php\/wp-json\/wp\/v2\/media\/4463"}],"wp:attachment":[{"href":"https:\/\/serbenidorm.daliisolutions.com\/index.php\/wp-json\/wp\/v2\/media?parent=4462"}],"wp:term":[{"taxonomy":"category","embeddable":true,"href":"https:\/\/serbenidorm.daliisolutions.com\/index.php\/wp-json\/wp\/v2\/categories?post=4462"},{"taxonomy":"post_tag","embeddable":true,"href":"https:\/\/serbenidorm.daliisolutions.com\/index.php\/wp-json\/wp\/v2\/tags?post=4462"}],"curies":[{"name":"wp","href":"https:\/\/api.w.org\/{rel}","templated":true}]}}