{"id":4471,"date":"2024-04-26T15:40:57","date_gmt":"2024-04-26T13:40:57","guid":{"rendered":"https:\/\/serbenidorm.daliisolutions.com\/index.php\/2024\/04\/26\/solo-una-victoria-en-javea-separa-el-c-f-benidorm-del-ascenso\/"},"modified":"2024-04-26T15:40:57","modified_gmt":"2024-04-26T13:40:57","slug":"solo-una-victoria-en-javea-separa-el-c-f-benidorm-del-ascenso","status":"publish","type":"post","link":"https:\/\/serbenidorm.daliisolutions.com\/index.php\/2024\/04\/26\/solo-una-victoria-en-javea-separa-el-c-f-benidorm-del-ascenso\/","title":{"rendered":"S\u00f3lo una victoria en J\u00e1vea separa el C.F. Benidorm del ascenso"},"content":{"rendered":"  <p>Benidorm<\/p>   <p>Despu\u00e9s de haber disfrutado de una primera oportunidad la pasada semana de hacerse con el t\u00edtulo de campe\u00f3n del grupo sur de la Lliga Comunitat y, con ello, el ascenso directo a Tercera RFEF, el <a href=\"https:\/\/cadenaser.com\/tag\/club_futbol_benidorm\/a\/\" target=\"_blank\" rel=\"noopener\">C.F. Benidorm<\/a> volver\u00e1 a atacar ese mismo objetivo este s\u00e1bado (17:30 horas) en el choque que enfrentar\u00e1 a los de Miguel \u00c1ngel Mart\u00ednez al J\u00e1vea.<\/p>   <p>Al contrario de lo que sucediera la pasada semana, donde adem\u00e1s de <a href=\"https:\/\/cadenaser.com\/comunitat-valenciana\/2024\/04\/22\/la-victoria-del-crevillent-aplaza-el-ascenso-del-cf-benidorm-radio-benidorm\/\" target=\"_blank\" rel=\"noopener\">la victoria ante el Eldense B<\/a> el C.F. Benidorm necesitaba de un tropiezo del Crevillent Deportivo, algo que no sucedi\u00f3, esta vez dependen completamente de s\u00ed mismos ya que una victoria les dar\u00eda el t\u00edtulo de manera matem\u00e1tica a falta de tres jornadas para el final del campeonato.<\/p>  <p><p>M\u00e1s informaci\u00f3n<\/p><figure><img decoding=\"async\" src=\"https:\/\/cadenaser.com\/resizer\/jaFFdsi0FipbsGdqBf-3vus6H7A=\/650x366\/filters:quality(70)\/cloudfront-eu-central-1.images.arcpublishing.com\/prisaradio\/GVPJM3PRBRECJPTR4QAKMI75IU.jpg\" loading=\"lazy\" width=\"828\" height=\"621\" \/><\/figure><ul><li><a href=\"https:\/\/cadenaser.com\/tag\/club_futbol_benidorm\/a\/\">Todas las noticias del C.F. Benidorm<\/a><\/li><\/ul><\/p>   <p>Frente al l\u00edder formar\u00e1 el colista de la clasificaci\u00f3n, un equipo que tiene la salvaci\u00f3n a seis puntos y al que s\u00f3lo un milagro podr\u00eda salvar del descenso, aunque en las filas del equipo del Guillermo Amor no se quiere hablar abiertamente de favoritismo y avisan de lo peligroso que puede ser un equipo tan necesitado.<\/p>   <p>En cualquier caso, y aunque en el vestuario no se quiera ni o\u00edr hablar de favoritismos, los datos son tozudos y es evidente que el C.F. Benidorm parte como el claro aspirante a llevarse los tres puntos y, con ellos, un ascenso que todos esperan poder celebrar dentro de una semana con la afici\u00f3n en el choque que llevar\u00e1 al Guillermo Amor al Independiente de Alicante.<\/p>   <p><p><strong>Sigue el canal de la SER en WhatsApp<\/strong><br \/>Encontrar\u00e1s toda la informaci\u00f3n, el deporte y el entretenimiento: la actualidad del d\u00eda y las noticias de \u00faltima hora, los mejores v\u00eddeos y momentos de la radio, entrevistas, reportajes y mucho m\u00e1s.<\/p><a href=\"https:\/\/www.whatsapp.com\/channel\/0029Va633PF9WtC4l7XUzh1e\" title=\"Suscr\u00edbete\">Suscr\u00edbete ahora<\/a><\/p> ","protected":false},"excerpt":{"rendered":"<p>Los del Guillermo Amor necesitan sumar los tres puntos para atar de manera matem\u00e1tica el t\u00edtulo de liga<\/p>\n","protected":false},"author":0,"featured_media":4472,"comment_status":"open","ping_status":"open","sticky":false,"template":"","format":"standard","meta":{"_acf_changed":false,"footnotes":""},"categories":[16],"tags":[],"class_list":["post-4471","post","type-post","status-publish","format-standard","has-post-thumbnail","hentry","category-deportes"],"acf":{"ser_id":"ZMNHES4D2JA2BA4ZCSIYWMYA5A","ser_url":"https:\/\/cadenaser.com\/comunitat-valenciana\/2024\/04\/26\/solo-una-victoria-en-javea-separa-el-cf-benidorm-del-ascenso-radio-benidorm\/"},"_links":{"self":[{"href":"https:\/\/serbenidorm.daliisolutions.com\/index.php\/wp-json\/wp\/v2\/posts\/4471","targetHints":{"allow":["GET"]}}],"collection":[{"href":"https:\/\/serbenidorm.daliisolutions.com\/index.php\/wp-json\/wp\/v2\/posts"}],"about":[{"href":"https:\/\/serbenidorm.daliisolutions.com\/index.php\/wp-json\/wp\/v2\/types\/post"}],"replies":[{"embeddable":true,"href":"https:\/\/serbenidorm.daliisolutions.com\/index.php\/wp-json\/wp\/v2\/comments?post=4471"}],"version-history":[{"count":0,"href":"https:\/\/serbenidorm.daliisolutions.com\/index.php\/wp-json\/wp\/v2\/posts\/4471\/revisions"}],"wp:featuredmedia":[{"embeddable":true,"href":"https:\/\/serbenidorm.daliisolutions.com\/index.php\/wp-json\/wp\/v2\/media\/4472"}],"wp:attachment":[{"href":"https:\/\/serbenidorm.daliisolutions.com\/index.php\/wp-json\/wp\/v2\/media?parent=4471"}],"wp:term":[{"taxonomy":"category","embeddable":true,"href":"https:\/\/serbenidorm.daliisolutions.com\/index.php\/wp-json\/wp\/v2\/categories?post=4471"},{"taxonomy":"post_tag","embeddable":true,"href":"https:\/\/serbenidorm.daliisolutions.com\/index.php\/wp-json\/wp\/v2\/tags?post=4471"}],"curies":[{"name":"wp","href":"https:\/\/api.w.org\/{rel}","templated":true}]}}