{"id":4473,"date":"2024-04-26T15:40:57","date_gmt":"2024-04-26T13:40:57","guid":{"rendered":"https:\/\/serbenidorm.daliisolutions.com\/index.php\/2024\/04\/26\/el-huesitos-la-vila-viaja-a-valencia-con-la-vista-puesta-en-el-ascenso\/"},"modified":"2024-04-26T15:40:57","modified_gmt":"2024-04-26T13:40:57","slug":"el-huesitos-la-vila-viaja-a-valencia-con-la-vista-puesta-en-el-ascenso","status":"publish","type":"post","link":"https:\/\/serbenidorm.daliisolutions.com\/index.php\/2024\/04\/26\/el-huesitos-la-vila-viaja-a-valencia-con-la-vista-puesta-en-el-ascenso\/","title":{"rendered":"El Huesitos-La Vila viaja a Val\u00e8ncia con la vista puesta en el ascenso"},"content":{"rendered":"  <p>Benidorm<\/p>   <p>Dos veces se han enfrentado el <a href=\"https:\/\/cadenaser.com\/tag\/club_rugby_la_vila\/a\/\" target=\"_blank\" rel=\"noopener\">Huesitos-La Vila<\/a> y el R.C. Val\u00e8ncia esta temporada y las dos veces se impuso el equipo vilero aunque, eso s\u00ed, en ambas ocasiones el choque se disput\u00f3 en el Estadio del Pantano, una circunstancia que este s\u00e1bado (18:00 horas) no se repetir\u00e1 ya que la semifinal por el ascenso a la m\u00e1xima categor\u00eda del rugby espa\u00f1ol se celebrar\u00e1 en la capital del Turia.<\/p>   <p>Pese a haber atravesado un baj\u00f3n de juego mediada la Fase \u00c9lite, el Huesitos-La Vila supo reaccionar a tiempo y, tras <a href=\"https:\/\/cadenaser.com\/comunitat-valenciana\/2024\/04\/15\/el-huesitos-la-vila-gana-en-casa-y-jugara-ahora-por-el-ascenso-radio-benidorm\/\" target=\"_blank\" rel=\"noopener\">un \u00faltimo partido de aut\u00e9ntico infarto ante el Getxo<\/a>, acab\u00f3 col\u00e1ndose en esa fase por el ascenso como tercer clasificado.<\/p>  <p><p>M\u00e1s informaci\u00f3n<\/p><figure><img decoding=\"async\" src=\"https:\/\/cadenaser.com\/resizer\/kesV9N1rE0nj0R0b4gx7pA86wI8=\/650x366\/filters:quality(70)\/cloudfront-eu-central-1.images.arcpublishing.com\/prisaradio\/TC2SIET6LBC5ZDETOXG67TECHM.JPG\" loading=\"lazy\" width=\"828\" height=\"621\" \/><\/figure><ul><li><a href=\"https:\/\/cadenaser.com\/tag\/club_rugby_la_vila\/a\/\">Todas las noticias del Huesitos-La Vila<\/a><\/li><\/ul><\/p>   <p>Ahora, todo lo hecho hasta el momento no sirve de nada y s\u00f3lo dos partidos (tres a lo sumo) separan a los de Hern\u00e1n \u2018Falu\u2019 Quirelli de regresar a la Divisi\u00f3n de Honor. Para ello, deber\u00e1n de superar a un Val\u00e8ncia R.C. al que conocen a la perfecci\u00f3n y que, a su vez, tambi\u00e9n conoce todos los detalles del conjunto vilero.<\/p>   <p>Los dos equipos llegan a este choque en un aparente buen momento de forma y, tal y como ha reconocido el propio preparador jonense, el hecho de que se dispute a partido \u00fanico hace que todo sea mucho menos predecible y que el partido y, con \u00e9l, el pase a la gran final se vaya a decidir por los peque\u00f1os detalles.<\/p>   <p><p><strong>Sigue el canal de la SER en WhatsApp<\/strong><br \/>Encontrar\u00e1s toda la informaci\u00f3n, el deporte y el entretenimiento: la actualidad del d\u00eda y las noticias de \u00faltima hora, los mejores v\u00eddeos y momentos de la radio, entrevistas, reportajes y mucho m\u00e1s.<\/p><a href=\"https:\/\/www.whatsapp.com\/channel\/0029Va633PF9WtC4l7XUzh1e\" title=\"Suscr\u00edbete\">Suscr\u00edbete ahora<\/a><\/p> ","protected":false},"excerpt":{"rendered":"<p>El XV chocolatero afronta la semifinal en un buen momento<\/p>\n","protected":false},"author":0,"featured_media":4474,"comment_status":"open","ping_status":"open","sticky":false,"template":"","format":"standard","meta":{"_acf_changed":false,"footnotes":""},"categories":[16],"tags":[],"class_list":["post-4473","post","type-post","status-publish","format-standard","has-post-thumbnail","hentry","category-deportes"],"acf":{"ser_id":"4WB6T773NRHENJR3TXWSSDUO7Y","ser_url":"https:\/\/cadenaser.com\/comunitat-valenciana\/2024\/04\/26\/el-huesitos-la-vila-viaja-a-valencia-con-la-vista-puesta-en-el-ascenso-radio-benidorm\/"},"_links":{"self":[{"href":"https:\/\/serbenidorm.daliisolutions.com\/index.php\/wp-json\/wp\/v2\/posts\/4473","targetHints":{"allow":["GET"]}}],"collection":[{"href":"https:\/\/serbenidorm.daliisolutions.com\/index.php\/wp-json\/wp\/v2\/posts"}],"about":[{"href":"https:\/\/serbenidorm.daliisolutions.com\/index.php\/wp-json\/wp\/v2\/types\/post"}],"replies":[{"embeddable":true,"href":"https:\/\/serbenidorm.daliisolutions.com\/index.php\/wp-json\/wp\/v2\/comments?post=4473"}],"version-history":[{"count":0,"href":"https:\/\/serbenidorm.daliisolutions.com\/index.php\/wp-json\/wp\/v2\/posts\/4473\/revisions"}],"wp:featuredmedia":[{"embeddable":true,"href":"https:\/\/serbenidorm.daliisolutions.com\/index.php\/wp-json\/wp\/v2\/media\/4474"}],"wp:attachment":[{"href":"https:\/\/serbenidorm.daliisolutions.com\/index.php\/wp-json\/wp\/v2\/media?parent=4473"}],"wp:term":[{"taxonomy":"category","embeddable":true,"href":"https:\/\/serbenidorm.daliisolutions.com\/index.php\/wp-json\/wp\/v2\/categories?post=4473"},{"taxonomy":"post_tag","embeddable":true,"href":"https:\/\/serbenidorm.daliisolutions.com\/index.php\/wp-json\/wp\/v2\/tags?post=4473"}],"curies":[{"name":"wp","href":"https:\/\/api.w.org\/{rel}","templated":true}]}}