{"id":4475,"date":"2024-04-26T15:40:59","date_gmt":"2024-04-26T13:40:59","guid":{"rendered":"https:\/\/serbenidorm.daliisolutions.com\/index.php\/2024\/04\/26\/cuenca-y-tm-benidorm-buscan-dos-puntos-vitales\/"},"modified":"2024-04-26T15:40:59","modified_gmt":"2024-04-26T13:40:59","slug":"cuenca-y-tm-benidorm-buscan-dos-puntos-vitales","status":"publish","type":"post","link":"https:\/\/serbenidorm.daliisolutions.com\/index.php\/2024\/04\/26\/cuenca-y-tm-benidorm-buscan-dos-puntos-vitales\/","title":{"rendered":"Cuenca y TM Benidorm buscan dos puntos vitales"},"content":{"rendered":"  <p>Benidorm<\/p>   <p>El <a href=\"https:\/\/cadenaser.com\/tag\/club_balonmano_benidorm\/a\/\" target=\"_blank\" rel=\"noopener\">TM Benidorm<\/a> visita este fin de semana la cancha del Balonmano Cuenca, su reciente verdugo en la Copa del Rey y un rival directo en la <a href=\"https:\/\/cadenaser.com\/tag\/liga_asobal\/a\/\" target=\"_blank\" rel=\"noopener\">Liga Asobal<\/a> por evitar el puesto de promoci\u00f3n por la permanencia que ahora ocupa un Cangas en estado de gracia que encadena seis partidos sin perder y que, gracias a eso, ya ha empatado a puntos con los conquenses, que est\u00e1n, por lo tanto, en la cuerda floja.<\/p>  <p><p>M\u00e1s informaci\u00f3n<\/p><figure><img decoding=\"async\" src=\"https:\/\/cadenaser.com\/resizer\/c_3JmS64ci258Mk4xEGdzhZLNvg=\/650x366\/filters:quality(70)\/cloudfront-eu-central-1.images.arcpublishing.com\/prisaradio\/GK5AXKRTCJHA5DW7P6TKT5FSFI.jpg\" loading=\"lazy\" width=\"828\" height=\"621\" \/><\/figure><ul><li><a href=\"https:\/\/cadenaser.com\/tag\/club_balonmano_benidorm\/a\/\">Esta ser\u00e1 la plantilla del TM Benidorm para la temporada 2024-2025<\/a><\/li><\/ul><\/p>   <p>La igualdad que est\u00e1 caracterizando a esta edici\u00f3n de la competici\u00f3n liguera ha provocado, a su vez, que el TM Benidorm se haya complicado en cierta medida una salvaci\u00f3n matem\u00e1tica que hace poco m\u00e1s de un mes parec\u00eda mucho m\u00e1s amarrada que ahora, cuando s\u00f3lo restan cuatro partidos para el final de la Asobal.<\/p>   <p>Los de Sergio Carballeira son d\u00e9cimos en la clasificaci\u00f3n con tres puntos de renta sobre Cangas y Cuenca, por lo que una victoria en El Sargal significar\u00eda un paso de gigante para los del Palau d\u2019Esports. <a href=\"https:\/\/cadenaser.com\/comunitat-valenciana\/2024\/04\/10\/el-tm-benidorm-se-queda-a-las-puertas-de-su-tercera-fase-final-de-copa-radio-benidorm\/\" target=\"_blank\" rel=\"noopener\">Tras haber ca\u00eddo en la Copa del Rey tras un partido muy igualado<\/a> ante los conquenses, el equipo benidormense tratar\u00e1 de dar una relativa sorpresa en una cancha en la que no ha ganado desde el ya muy lejano a\u00f1o 2014.<\/p>   <p>En las ocho ocasiones en las que ambos equipos se han medido en El Sargal, el balance no podr\u00eda ser m\u00e1s positivo para los intereses locales, con seis triunfos, un empate y s\u00f3lo esa derrota de hace una d\u00e9cada.<\/p>   <p><p><strong>Sigue el canal de la SER en WhatsApp<\/strong><br \/>Encontrar\u00e1s toda la informaci\u00f3n, el deporte y el entretenimiento: la actualidad del d\u00eda y las noticias de \u00faltima hora, los mejores v\u00eddeos y momentos de la radio, entrevistas, reportajes y mucho m\u00e1s.<\/p><a href=\"https:\/\/www.whatsapp.com\/channel\/0029Va633PF9WtC4l7XUzh1e\" title=\"Suscr\u00edbete\">Suscr\u00edbete ahora<\/a><\/p> ","protected":false},"excerpt":{"rendered":"<p>Los dos equipos necesitan sumar para alejar el fantasma de la promoci\u00f3n por la permanencia<\/p>\n","protected":false},"author":0,"featured_media":4476,"comment_status":"open","ping_status":"open","sticky":false,"template":"","format":"standard","meta":{"_acf_changed":false,"footnotes":""},"categories":[16],"tags":[],"class_list":["post-4475","post","type-post","status-publish","format-standard","has-post-thumbnail","hentry","category-deportes"],"acf":{"ser_id":"3U5SJBJJ6BCPBB737VR52QQB6I","ser_url":"https:\/\/cadenaser.com\/comunitat-valenciana\/2024\/04\/26\/cuenca-y-tm-benidorm-buscan-dos-puntos-vitales-radio-benidorm\/"},"_links":{"self":[{"href":"https:\/\/serbenidorm.daliisolutions.com\/index.php\/wp-json\/wp\/v2\/posts\/4475","targetHints":{"allow":["GET"]}}],"collection":[{"href":"https:\/\/serbenidorm.daliisolutions.com\/index.php\/wp-json\/wp\/v2\/posts"}],"about":[{"href":"https:\/\/serbenidorm.daliisolutions.com\/index.php\/wp-json\/wp\/v2\/types\/post"}],"replies":[{"embeddable":true,"href":"https:\/\/serbenidorm.daliisolutions.com\/index.php\/wp-json\/wp\/v2\/comments?post=4475"}],"version-history":[{"count":0,"href":"https:\/\/serbenidorm.daliisolutions.com\/index.php\/wp-json\/wp\/v2\/posts\/4475\/revisions"}],"wp:featuredmedia":[{"embeddable":true,"href":"https:\/\/serbenidorm.daliisolutions.com\/index.php\/wp-json\/wp\/v2\/media\/4476"}],"wp:attachment":[{"href":"https:\/\/serbenidorm.daliisolutions.com\/index.php\/wp-json\/wp\/v2\/media?parent=4475"}],"wp:term":[{"taxonomy":"category","embeddable":true,"href":"https:\/\/serbenidorm.daliisolutions.com\/index.php\/wp-json\/wp\/v2\/categories?post=4475"},{"taxonomy":"post_tag","embeddable":true,"href":"https:\/\/serbenidorm.daliisolutions.com\/index.php\/wp-json\/wp\/v2\/tags?post=4475"}],"curies":[{"name":"wp","href":"https:\/\/api.w.org\/{rel}","templated":true}]}}