{"id":4477,"date":"2024-04-26T15:40:59","date_gmt":"2024-04-26T13:40:59","guid":{"rendered":"https:\/\/serbenidorm.daliisolutions.com\/index.php\/2024\/04\/26\/los-infantiles-del-club-voleibol-playas-de-benidorm-buscaran-el-pase-al-campeonato-de-espana-en-el-raul-mesa\/"},"modified":"2024-04-26T15:40:59","modified_gmt":"2024-04-26T13:40:59","slug":"los-infantiles-del-club-voleibol-playas-de-benidorm-buscaran-el-pase-al-campeonato-de-espana-en-el-raul-mesa","status":"publish","type":"post","link":"https:\/\/serbenidorm.daliisolutions.com\/index.php\/2024\/04\/26\/los-infantiles-del-club-voleibol-playas-de-benidorm-buscaran-el-pase-al-campeonato-de-espana-en-el-raul-mesa\/","title":{"rendered":"Los Infantiles del Club Voleibol Playas de Benidorm buscar\u00e1n el pase al Campeonato de Espa\u00f1a en el Ra\u00fal Mesa"},"content":{"rendered":"  <p>Benidorm<\/p>   <p>Las dos equipos de categor\u00eda Infantil del <a href=\"https:\/\/cadenaser.com\/tag\/club_voleibol_playas_benidorm\/a\/\" target=\"_blank\" rel=\"noopener\">Club Voleibol Playas de Benidorm<\/a> afrontan este fin de semana sus encuentros correspondientes a la final auton\u00f3mica. Mientras que los chicos del Hoteles Poseid\u00f3n-Benidorm lo har\u00e1n en el Pabell\u00f3n Ra\u00fal Mesa, las chicas del Medina Hoteles-Benidorm har\u00e1n lo propio en la localidad valenciana de X\u00e0tiva.<\/p>   <p>Tras <a href=\"https:\/\/cadenaser.com\/comunitat-valenciana\/2024\/04\/22\/el-medina-hoteles-certifica-el-pleno-autonomico-del-club-voleibol-playas-de-benidorm-radio-benidorm\/\" target=\"_blank\" rel=\"noopener\">haber conseguido el pase a esta fase final auton\u00f3mica la pasada semana<\/a> dejando fuera al Illa Grau castellonense, las chicas entrenadas por Noelia Santacreu se medir\u00e1 este s\u00e1bado (12:30 horas) al Mar de Soles de Fabraquer en una fase previa en la que buscar\u00e1n el acceso a la semifinal en la que ya espera el C.V. Elche para un partido que se disputar\u00eda ese mismo s\u00e1bado (20:00 horas).<\/p>  <p><p>M\u00e1s informaci\u00f3n<\/p><figure><img decoding=\"async\" src=\"https:\/\/cadenaser.com\/resizer\/oRw4lK_fv8DTGAFjGulO7-o-MaM=\/650x366\/filters:quality(70)\/cloudfront-eu-central-1.images.arcpublishing.com\/prisaradio\/VM66GTXUFNF6TNOK3EILU7QMAY.JPG\" loading=\"lazy\" width=\"828\" height=\"621\" \/><\/figure><ul><li><a href=\"https:\/\/cadenaser.com\/tag\/club_voleibol_playas_benidorm\/a\/\">Todas las noticias del Club Voleibol Playas de Benidorm<\/a><\/li><\/ul><\/p>   <p>El ganador de ese segundo encuentro disputar\u00e1 la gran final y, por lo tanto, el t\u00edtulo auton\u00f3mico que da acceso a la disputa del Campeonato de Espa\u00f1a, el domingo a las doce del mediod\u00eda mientras que el partido por el tercer y cuarto puesto tendr\u00e1 lugar a las diez de la ma\u00f1ana.<\/p>   <p><b>El Infantil masculino, en casa<\/b><\/p>   <p>Por su parte, los chicos del Hoteles Poseid\u00f3n-Benidorm afrontan ese mismo reto con la te\u00f3rica ventaja de actuar como locales una vez que Benidorm fue elegida como sede de esta fase final auton\u00f3mica por parte de la Federaci\u00f3n de Voleibol de la Comunitat Valenciana.<\/p>   <p>Al contrario de lo que sucede con las chicas, el equipo masculino no tendr\u00e1 que disputar la fase previa y, por lo tanto, espera en la semifinal, que se disputar\u00e1 el s\u00e1bado (18:00 horas) en el pabell\u00f3n Ra\u00fal Mesa, al vencedor del choque entre el C.V. Elche y el Petrer.<\/p>   <p>En caso de superar a su rival en ese partido, la final esperar\u00e1 a los de Benidorm el domingo a las doce del mediod\u00eda, donde se las ver\u00edan con el vencedor de la semifinal en la que el Salesianos de Elche espera al que consiga el pase en el duelo entre el Val\u00e8ncia Centauro y el X\u00e0tiva.<\/p>   <p><p><strong>Sigue el canal de la SER en WhatsApp<\/strong><br \/>Encontrar\u00e1s toda la informaci\u00f3n, el deporte y el entretenimiento: la actualidad del d\u00eda y las noticias de \u00faltima hora, los mejores v\u00eddeos y momentos de la radio, entrevistas, reportajes y mucho m\u00e1s.<\/p><a href=\"https:\/\/www.whatsapp.com\/channel\/0029Va633PF9WtC4l7XUzh1e\" title=\"Suscr\u00edbete\">Suscr\u00edbete ahora<\/a><\/p> ","protected":false},"excerpt":{"rendered":"<p>Las chicas del Infantil femenino har\u00e1n lo propio en la localidad valenciana de X\u00e0tiva<\/p>\n","protected":false},"author":0,"featured_media":4478,"comment_status":"open","ping_status":"open","sticky":false,"template":"","format":"standard","meta":{"_acf_changed":false,"footnotes":""},"categories":[16],"tags":[],"class_list":["post-4477","post","type-post","status-publish","format-standard","has-post-thumbnail","hentry","category-deportes"],"acf":{"ser_id":"BHENY27JCVHP7PYKXX4NV2IRUQ","ser_url":"https:\/\/cadenaser.com\/comunitat-valenciana\/2024\/04\/26\/los-infantiles-del-club-voleibol-playas-de-benidorm-buscaran-el-pase-al-campeonato-de-espana-en-el-raul-mesa-radio-benidorm\/"},"_links":{"self":[{"href":"https:\/\/serbenidorm.daliisolutions.com\/index.php\/wp-json\/wp\/v2\/posts\/4477","targetHints":{"allow":["GET"]}}],"collection":[{"href":"https:\/\/serbenidorm.daliisolutions.com\/index.php\/wp-json\/wp\/v2\/posts"}],"about":[{"href":"https:\/\/serbenidorm.daliisolutions.com\/index.php\/wp-json\/wp\/v2\/types\/post"}],"replies":[{"embeddable":true,"href":"https:\/\/serbenidorm.daliisolutions.com\/index.php\/wp-json\/wp\/v2\/comments?post=4477"}],"version-history":[{"count":0,"href":"https:\/\/serbenidorm.daliisolutions.com\/index.php\/wp-json\/wp\/v2\/posts\/4477\/revisions"}],"wp:featuredmedia":[{"embeddable":true,"href":"https:\/\/serbenidorm.daliisolutions.com\/index.php\/wp-json\/wp\/v2\/media\/4478"}],"wp:attachment":[{"href":"https:\/\/serbenidorm.daliisolutions.com\/index.php\/wp-json\/wp\/v2\/media?parent=4477"}],"wp:term":[{"taxonomy":"category","embeddable":true,"href":"https:\/\/serbenidorm.daliisolutions.com\/index.php\/wp-json\/wp\/v2\/categories?post=4477"},{"taxonomy":"post_tag","embeddable":true,"href":"https:\/\/serbenidorm.daliisolutions.com\/index.php\/wp-json\/wp\/v2\/tags?post=4477"}],"curies":[{"name":"wp","href":"https:\/\/api.w.org\/{rel}","templated":true}]}}