{"id":4516,"date":"2024-04-29T07:24:35","date_gmt":"2024-04-29T05:24:35","guid":{"rendered":"https:\/\/serbenidorm.daliisolutions.com\/index.php\/2024\/04\/29\/campeones\/"},"modified":"2024-04-29T07:24:35","modified_gmt":"2024-04-29T05:24:35","slug":"campeones","status":"publish","type":"post","link":"https:\/\/serbenidorm.daliisolutions.com\/index.php\/2024\/04\/29\/campeones\/","title":{"rendered":"\u00a1CAMPEONES!"},"content":{"rendered":"  <p>Benidorm<\/p>   <p>Menos de 24 horas despu\u00e9s de que <a href=\"https:\/\/cadenaser.com\/comunitat-valenciana\/2024\/04\/27\/el-cf-benidorm-se-empena-en-darle-emocion-a-la-lliga-comunitat-radio-benidorm\/\" target=\"_blank\" rel=\"noopener\">el C.F. Benidorm cayera derrotado (3-2) en J\u00e1vea <\/a>y todo hiciera indicar que la fiestas por el ascenso matem\u00e1tico a Tercera RFEF se iba a tener que aplazar una semana m\u00e1s, el Crevillent Deportivo dio la otra gran sorpresa de la jornada al caer derrotado en su visita al campo del H\u00e9rcules B (2-1) convirtiendo a los de Miguel \u00c1ngel Mart\u00ednez en campeones matem\u00e1ticos del grupo sur de la Lliga Comunitat a falta de tres jornadas para el final de la competici\u00f3n.<\/p>   <p><div><blockquote class=\"twitter-tweet\"><p lang=\"es\" dir=\"ltr\">\ud83d\udea8\ud83d\udea8\ud83d\udd1d \u00a1\ud835\uddec\ud835\uddd4 \ud835\udde6\ud835\udde2\ud835\udde0\ud835\udde2\ud835\udde6 \ud835\uddd7\ud835\uddd8 \ud835\udde7\ud835\uddd8\ud835\udde5\ud835\uddd6\ud835\uddd8\ud835\udde5\ud835\uddd4 \ud835\udde5\ud835\uddd9\ud835\uddd8\ud835\uddd9\u2757<br> <br>\ud83d\udca5 SOMOS CAMPEONES de la Lliga Comunitat y jugaremos la 24.25 en <a href=\"https:\/\/twitter.com\/hashtag\/TerceraRFEF?src=hash&amp;ref_src=twsrc%5Etfw\">#TerceraRFEF<\/a>. \ud83d\udcaa\ud83c\udffc <br><br>GRACIAS | THANKS | GR\u00c0CIES<br>A tod@s l@s que hab\u00e9is ayudado a lograr el objetivo.\ud83d\udc4f\ud83c\udffc<a href=\"https:\/\/twitter.com\/hashtag\/EstoyPreparado?src=hash&amp;ref_src=twsrc%5Etfw\">#EstoyPreparado<\/a> <a href=\"https:\/\/twitter.com\/hashtag\/EsticPreparat?src=hash&amp;ref_src=twsrc%5Etfw\">#EsticPreparat<\/a> <a href=\"https:\/\/twitter.com\/hashtag\/ImReady?src=hash&amp;ref_src=twsrc%5Etfw\">#ImReady<\/a> <a href=\"https:\/\/twitter.com\/hashtag\/AmuntBenidorm?src=hash&amp;ref_src=twsrc%5Etfw\">#AmuntBenidorm<\/a> <a href=\"https:\/\/t.co\/h1ufDQdeUm\">pic.twitter.com\/h1ufDQdeUm<\/a><\/p>\u2014 CF BENIDORM (@RCFBenidorm) <a href=\"https:\/\/twitter.com\/RCFBenidorm\/status\/1784545346627977418?ref_src=twsrc%5Etfw\">April 28, 2024<\/a><\/blockquote>   <\/div><\/p>   <p>As\u00ed se pone el broce de oro a una campa\u00f1a en la que el <a href=\"https:\/\/cadenaser.com\/tag\/club_futbol_benidorm\/a\/\" target=\"_blank\" rel=\"noopener\">C.F. Benidorm <\/a>s\u00f3lo ha perdido dos partidos (el de la segunda jornada ante L\u2019Oller\u00eda y el de este s\u00e1bado frente al J\u00e1vea) y en el que no s\u00f3lo sigue siendo el conjunto m\u00e1s goleador (53 tantos, una media de casi dos por jornada), sino tambi\u00e9n el menos goleado (21 tantos en contra, una media de 0,7 por partido).<\/p>   <p>Lo que ahora s\u00ed es seguro, adem\u00e1s del t\u00edtulo y el ascenso a la Tercera RFEF, es que el estadio Guillermo Amor vivir\u00e1 una enorme fiesta el pr\u00f3ximo domingo (12:00 horas) cuando, con motivo del choque ante el Independiente de Alicante, los de Miguel \u00c1ngel Mart\u00ednez vuelvan ya a su feudo como campeones matem\u00e1ticos.<\/p>   <p><p><strong>Sigue el canal de la SER en WhatsApp<\/strong><br \/>Encontrar\u00e1s toda la informaci\u00f3n, el deporte y el entretenimiento: la actualidad del d\u00eda y las noticias de \u00faltima hora, los mejores v\u00eddeos y momentos de la radio, entrevistas, reportajes y mucho m\u00e1s.<\/p><a href=\"https:\/\/www.whatsapp.com\/channel\/0029Va633PF9WtC4l7XUzh1e\" title=\"Suscr\u00edbete\">Suscr\u00edbete ahora<\/a><\/p> ","protected":false},"excerpt":{"rendered":"<p>La derrota del Crevillent Deportivo el domingo convierte al C.F. Benidorm en equipo de Tercera RFEF<\/p>\n","protected":false},"author":0,"featured_media":4517,"comment_status":"open","ping_status":"open","sticky":false,"template":"","format":"standard","meta":{"_acf_changed":false,"footnotes":""},"categories":[1],"tags":[],"class_list":["post-4516","post","type-post","status-publish","format-standard","has-post-thumbnail","hentry","category-sin-categoria"],"acf":{"ser_id":"S3LKXTY6TNAFFGNBMSX2UXOTLU","ser_url":"https:\/\/cadenaser.com\/comunitat-valenciana\/2024\/04\/28\/campeones-radio-benidorm\/"},"_links":{"self":[{"href":"https:\/\/serbenidorm.daliisolutions.com\/index.php\/wp-json\/wp\/v2\/posts\/4516","targetHints":{"allow":["GET"]}}],"collection":[{"href":"https:\/\/serbenidorm.daliisolutions.com\/index.php\/wp-json\/wp\/v2\/posts"}],"about":[{"href":"https:\/\/serbenidorm.daliisolutions.com\/index.php\/wp-json\/wp\/v2\/types\/post"}],"replies":[{"embeddable":true,"href":"https:\/\/serbenidorm.daliisolutions.com\/index.php\/wp-json\/wp\/v2\/comments?post=4516"}],"version-history":[{"count":0,"href":"https:\/\/serbenidorm.daliisolutions.com\/index.php\/wp-json\/wp\/v2\/posts\/4516\/revisions"}],"wp:featuredmedia":[{"embeddable":true,"href":"https:\/\/serbenidorm.daliisolutions.com\/index.php\/wp-json\/wp\/v2\/media\/4517"}],"wp:attachment":[{"href":"https:\/\/serbenidorm.daliisolutions.com\/index.php\/wp-json\/wp\/v2\/media?parent=4516"}],"wp:term":[{"taxonomy":"category","embeddable":true,"href":"https:\/\/serbenidorm.daliisolutions.com\/index.php\/wp-json\/wp\/v2\/categories?post=4516"},{"taxonomy":"post_tag","embeddable":true,"href":"https:\/\/serbenidorm.daliisolutions.com\/index.php\/wp-json\/wp\/v2\/tags?post=4516"}],"curies":[{"name":"wp","href":"https:\/\/api.w.org\/{rel}","templated":true}]}}