{"id":4518,"date":"2024-04-29T07:24:37","date_gmt":"2024-04-29T05:24:37","guid":{"rendered":"https:\/\/serbenidorm.daliisolutions.com\/index.php\/2024\/04\/29\/el-huesitos-la-vila-se-mete-en-la-final-por-el-ascenso\/"},"modified":"2024-04-29T07:24:37","modified_gmt":"2024-04-29T05:24:37","slug":"el-huesitos-la-vila-se-mete-en-la-final-por-el-ascenso","status":"publish","type":"post","link":"https:\/\/serbenidorm.daliisolutions.com\/index.php\/2024\/04\/29\/el-huesitos-la-vila-se-mete-en-la-final-por-el-ascenso\/","title":{"rendered":"El Huesitos-La Vila se mete en la final por el ascenso"},"content":{"rendered":"  <p>Benidorm<\/p>   <p>El <a href=\"https:\/\/cadenaser.com\/comunitat-valenciana\/2024\/04\/27\/directo-semifinal-por-el-ascenso-del-huesitos-la-vila-radio-benidorm\/\" target=\"_blank\" rel=\"noopener\">derbi valenciano que enfrent\u00f3 este s\u00e1bado al Val\u00e8ncia R.C. y al Huesitos-La Vila<\/a> por una plaza en la gran final por el ascenso a la m\u00e1xima categor\u00eda del rugby espa\u00f1ol acab\u00f3 cayendo del lado visitante despu\u00e9s de un encuentro en el que el XV chocolatero se march\u00f3 al descanso habiendo encajado un ensayo \u2018psicol\u00f3gico\u2019 que les dejaba moment\u00e1neamente por detr\u00e1s en el marcador y con la obligaci\u00f3n de remontar en la segunda mitad.<\/p>   <p>Finalmente, y como ya sucediera en las dos ocasiones previas en las que ambos equipos se hab\u00edan visto las caras esta temporada (siempre en El Pantano), el resultado final fue favorable al <a href=\"https:\/\/cadenaser.com\/tag\/club_rugby_la_vila\/a\/\" target=\"_blank\" rel=\"noopener\">Huesitos-La Vila<\/a> por un corto 16-22 que coloca a los de Hern\u00e1n \u2018Falu\u2019 Quirelli en la gran final por el ascenso a la Divisi\u00f3n de Honor.<\/p>  <p><p>M\u00e1s informaci\u00f3n<\/p><figure><img decoding=\"async\" src=\"https:\/\/cadenaser.com\/resizer\/AmLp-DQH1O6sXZqn3GHwtOSFv5A=\/650x366\/filters:quality(70)\/cloudfront-eu-central-1.images.arcpublishing.com\/prisaradio\/SFWFFBQJOBAIZHCLWPOLRKCNCE.jpeg\" loading=\"lazy\" width=\"828\" height=\"621\" \/><\/figure><ul><li><a href=\"https:\/\/cadenaser.com\/tag\/club_rugby_la_vila\/a\/\">Todas las noticias del Huesitos-La Vila<\/a><\/li><\/ul><\/p>   <p>Ahora, los vileros volver\u00e1n a disfrutar de una semana de descanso competitivo antes de volver a saltar al campo para el partido m\u00e1s importante de la temporada, ese en el que se pone en juego el \u00fanico puesto de ascenso directo a la m\u00e1xima categor\u00eda.<\/p>   <p>En ese choque se las tendr\u00e1n que ver con el vencedor del duelo madrile\u00f1o entre Industriales Las Rozas y Liceo Franc\u00e9s, que se disputar\u00e1 el domingo (13:30 horas) en el campo del primero de ellos. S\u00f3lo en caso de un triunfo del Liceo Franc\u00e9s la final se disputar\u00eda en El Pantano.<\/p>   <p><p><strong>Sigue el canal de la SER en WhatsApp<\/strong><br \/>Encontrar\u00e1s toda la informaci\u00f3n, el deporte y el entretenimiento: la actualidad del d\u00eda y las noticias de \u00faltima hora, los mejores v\u00eddeos y momentos de la radio, entrevistas, reportajes y mucho m\u00e1s.<\/p><a href=\"https:\/\/www.whatsapp.com\/channel\/0029Va633PF9WtC4l7XUzh1e\" title=\"Suscr\u00edbete\">Suscr\u00edbete ahora<\/a><\/p> ","protected":false},"excerpt":{"rendered":"<p>El equipo de Hern\u00e1n Quirelli supo sufrir ante un gran Val\u00e8ncia R.C.<\/p>\n","protected":false},"author":0,"featured_media":4519,"comment_status":"open","ping_status":"open","sticky":false,"template":"","format":"standard","meta":{"_acf_changed":false,"footnotes":""},"categories":[16],"tags":[],"class_list":["post-4518","post","type-post","status-publish","format-standard","has-post-thumbnail","hentry","category-deportes"],"acf":{"ser_id":"AZY6DN33ORATPE7QSJWYBAZGYA","ser_url":"https:\/\/cadenaser.com\/comunitat-valenciana\/2024\/04\/27\/el-huesitos-la-vila-se-mete-en-la-final-por-el-ascenso-radio-benidorm\/"},"_links":{"self":[{"href":"https:\/\/serbenidorm.daliisolutions.com\/index.php\/wp-json\/wp\/v2\/posts\/4518","targetHints":{"allow":["GET"]}}],"collection":[{"href":"https:\/\/serbenidorm.daliisolutions.com\/index.php\/wp-json\/wp\/v2\/posts"}],"about":[{"href":"https:\/\/serbenidorm.daliisolutions.com\/index.php\/wp-json\/wp\/v2\/types\/post"}],"replies":[{"embeddable":true,"href":"https:\/\/serbenidorm.daliisolutions.com\/index.php\/wp-json\/wp\/v2\/comments?post=4518"}],"version-history":[{"count":0,"href":"https:\/\/serbenidorm.daliisolutions.com\/index.php\/wp-json\/wp\/v2\/posts\/4518\/revisions"}],"wp:featuredmedia":[{"embeddable":true,"href":"https:\/\/serbenidorm.daliisolutions.com\/index.php\/wp-json\/wp\/v2\/media\/4519"}],"wp:attachment":[{"href":"https:\/\/serbenidorm.daliisolutions.com\/index.php\/wp-json\/wp\/v2\/media?parent=4518"}],"wp:term":[{"taxonomy":"category","embeddable":true,"href":"https:\/\/serbenidorm.daliisolutions.com\/index.php\/wp-json\/wp\/v2\/categories?post=4518"},{"taxonomy":"post_tag","embeddable":true,"href":"https:\/\/serbenidorm.daliisolutions.com\/index.php\/wp-json\/wp\/v2\/tags?post=4518"}],"curies":[{"name":"wp","href":"https:\/\/api.w.org\/{rel}","templated":true}]}}