{"id":4524,"date":"2024-04-29T07:24:39","date_gmt":"2024-04-29T05:24:39","guid":{"rendered":"https:\/\/serbenidorm.daliisolutions.com\/index.php\/2024\/04\/29\/el-club-voleibol-playas-de-benidorm-subcampeon-autonomico-infantil\/"},"modified":"2024-04-29T07:24:39","modified_gmt":"2024-04-29T05:24:39","slug":"el-club-voleibol-playas-de-benidorm-subcampeon-autonomico-infantil","status":"publish","type":"post","link":"https:\/\/serbenidorm.daliisolutions.com\/index.php\/2024\/04\/29\/el-club-voleibol-playas-de-benidorm-subcampeon-autonomico-infantil\/","title":{"rendered":"El Club Voleibol Playas de Benidorm, subcampe\u00f3n auton\u00f3mico Infantil"},"content":{"rendered":"  <p>Benidorm<\/p>   <p>El equipo Infantil masculino del <a href=\"https:\/\/cadenaser.com\/tag\/club_voleibol_playas_benidorm\/a\/\" target=\"_blank\" rel=\"noopener\">Club Voleibol Playas de Benidorm<\/a> se ha proclamado este fin de semana subcampe\u00f3n auton\u00f3mico de la categor\u00eda despu\u00e9s de una fase final disputada en el pabell\u00f3n Ra\u00fal Mesa y en la que los chicos entrenados por Jaime Gonz\u00e1lez s\u00f3lo hincaron la rodilla en la gran final ante el Salesianos Elche.<\/p>   <p>La primera aparici\u00f3n en pista del <a href=\"https:\/\/cadenaser.com\/comunitat-valenciana\/2024\/04\/26\/los-infantiles-del-club-voleibol-playas-de-benidorm-buscaran-el-pase-al-campeonato-de-espana-en-el-raul-mesa-radio-benidorm\/?fbclid=IwZXh0bgNhZW0CMTEAAR1IG4PiQTLwptqVbE3ZpGmkh55_CLKz3o1j_EOwDHlQWiD11W4UK_YApCA_aem_Afiy0iuIY7x30eLMu8xaw3HJG8cobIEDxJsOpuGwgStISixO1RfxG3MtHy4xDKqH008eKezQYvL_zjIiyeubYyUo\" target=\"_blank\" rel=\"noopener\">Hoteles Poseid\u00f3n-Benidorm se produjo en la tarde del s\u00e1bado <\/a>cuando, tras asistir como p\u00fablico al partido de ronda previa entre el Elche y Petrer, los locales se medir\u00edan a los ilicitanos en la semifinal buscando la disputa del t\u00edtulo auton\u00f3mico.<\/p>   <p>En ese primer choque se impusieron los benidormenses por 3-1 (25-11, 21-25, 25-19 y 25-18), dejando as\u00ed sellado su pase a una final en la que les esperaba el otro equipo ilicitano clasificado, el Salesianos Elche, que hab\u00eda conseguido el pase tras derrotar al Val\u00e8ncia Centauro por 0-3 (17-25, 18-25 y 20-25).<\/p>   <p>Los valencianos, eso s\u00ed, acabar\u00edan colg\u00e1ndose la medalla de bronce tras vencer en la final de consolaci\u00f3n al Elche por 0-3 (20-25, 22-25 y 22-25). En la pelea por el t\u00edtulo auton\u00f3mico, el Hoteles Poseid\u00f3n-Benidorm no pudo hacer valer esa te\u00f3rica ventaja derivada de actuar como local y acab\u00f3 cayendo por un claro 0-3 (17-25, 21-25 y 20-25) en un bonito choque que les coron\u00f3 como subcampeones de la Comunitat Valenciana.<\/p>   <p><b>El Infantil femenino cay\u00f3 en la ronda previa<\/b><\/p>   <p>Por su parte, el equipo Infantil femenino del <a href=\"https:\/\/cadenaser.com\/tag\/club_voleibol_playas_benidorm\/a\/\" target=\"_blank\" rel=\"noopener\">Club Voleibol Playas de Benidorm<\/a> tambi\u00e9n se hab\u00eda metido en la final auton\u00f3mica de su categor\u00eda. En su caso, esa competici\u00f3n se disput\u00f3 en la localidad valenciana de X\u00e0tiva y all\u00ed el Hoteles Medina-Benidorm cay\u00f3 eliminado en la ronda previa tras perder por 3-1 (25-20, 25-22, 17-25 y 25-12) ante el Mar de Soler Fabraquer.<\/p>   <p><p><strong>Sigue el canal de la SER en WhatsApp<\/strong><br \/>Encontrar\u00e1s toda la informaci\u00f3n, el deporte y el entretenimiento: la actualidad del d\u00eda y las noticias de \u00faltima hora, los mejores v\u00eddeos y momentos de la radio, entrevistas, reportajes y mucho m\u00e1s.<\/p><a href=\"https:\/\/www.whatsapp.com\/channel\/0029Va633PF9WtC4l7XUzh1e\" title=\"Suscr\u00edbete\">Suscr\u00edbete ahora<\/a><\/p> ","protected":false},"excerpt":{"rendered":"<p>Las chicas cayeron eliminadas en la ronda previa disputada en X\u00e0tiva<\/p>\n","protected":false},"author":0,"featured_media":4525,"comment_status":"open","ping_status":"open","sticky":false,"template":"","format":"standard","meta":{"_acf_changed":false,"footnotes":""},"categories":[16],"tags":[],"class_list":["post-4524","post","type-post","status-publish","format-standard","has-post-thumbnail","hentry","category-deportes"],"acf":{"ser_id":"VCMRI2DECNGKHFW467XB7SWGHM","ser_url":"https:\/\/cadenaser.com\/comunitat-valenciana\/2024\/04\/28\/el-club-voleibol-playas-de-benidorm-subcampeon-autonomico-infantil-radio-benidorm\/"},"_links":{"self":[{"href":"https:\/\/serbenidorm.daliisolutions.com\/index.php\/wp-json\/wp\/v2\/posts\/4524","targetHints":{"allow":["GET"]}}],"collection":[{"href":"https:\/\/serbenidorm.daliisolutions.com\/index.php\/wp-json\/wp\/v2\/posts"}],"about":[{"href":"https:\/\/serbenidorm.daliisolutions.com\/index.php\/wp-json\/wp\/v2\/types\/post"}],"replies":[{"embeddable":true,"href":"https:\/\/serbenidorm.daliisolutions.com\/index.php\/wp-json\/wp\/v2\/comments?post=4524"}],"version-history":[{"count":0,"href":"https:\/\/serbenidorm.daliisolutions.com\/index.php\/wp-json\/wp\/v2\/posts\/4524\/revisions"}],"wp:featuredmedia":[{"embeddable":true,"href":"https:\/\/serbenidorm.daliisolutions.com\/index.php\/wp-json\/wp\/v2\/media\/4525"}],"wp:attachment":[{"href":"https:\/\/serbenidorm.daliisolutions.com\/index.php\/wp-json\/wp\/v2\/media?parent=4524"}],"wp:term":[{"taxonomy":"category","embeddable":true,"href":"https:\/\/serbenidorm.daliisolutions.com\/index.php\/wp-json\/wp\/v2\/categories?post=4524"},{"taxonomy":"post_tag","embeddable":true,"href":"https:\/\/serbenidorm.daliisolutions.com\/index.php\/wp-json\/wp\/v2\/tags?post=4524"}],"curies":[{"name":"wp","href":"https:\/\/api.w.org\/{rel}","templated":true}]}}