{"id":4526,"date":"2024-04-29T07:24:40","date_gmt":"2024-04-29T05:24:40","guid":{"rendered":"https:\/\/serbenidorm.daliisolutions.com\/index.php\/2024\/04\/29\/antonio-martinez-y-silvia-lara-reinan-en-el-puig-campana\/"},"modified":"2024-04-29T07:24:40","modified_gmt":"2024-04-29T05:24:40","slug":"antonio-martinez-y-silvia-lara-reinan-en-el-puig-campana","status":"publish","type":"post","link":"https:\/\/serbenidorm.daliisolutions.com\/index.php\/2024\/04\/29\/antonio-martinez-y-silvia-lara-reinan-en-el-puig-campana\/","title":{"rendered":"Antonio Mart\u00ednez y Silvia Lara reinan en el Puig Campana"},"content":{"rendered":"  <p>Benidorm<\/p>   <p>Finestrat acogi\u00f3 este domingo el Kil\u00f3metro Vertical del Puig Campana que en esta 15\u00aa edici\u00f3n ha sido tambi\u00e9n prueba valedera para Campeonato de Espa\u00f1a por Clubes, el Campeonato Auton\u00f3mico y la Copa del Mundo de la International Skyrunning Federation (ISF). Una jornada marcada por la lluvia que no ha impedido que los participantes disfrutaran de la intensidad de una prueba \u00fanica en la provincia de Alicante.<\/p>   <p>El Kil\u00f3metro Vertical del Puig Campana se celebra en una de las monta\u00f1as m\u00e1s famosas y m\u00edticas de la provincia de Alicante en un recorrido que deben completar los participantes de 3,6 kms y 1.020 de desnivel positivo.<\/p>   <p>En esta ocasi\u00f3n, el p\u00f3dium general masculino fue para Antonio Mart\u00ednez con un tiempo de 38:35 y el general femenino para Silvia Lara que par\u00f3 el crono en 48:48. Completando la clasificaci\u00f3n masculina, la segunda posici\u00f3n ha sido para Diego D\u00edaz en 38:49 y en tercera posici\u00f3n Guillermo Ramos en 39:10. En cuanto a la femenina: la segunda posici\u00f3n ha sido para Isabel Calero con un tiempo de 48:50 y ha cerrado el p\u00f3dium Corinna Ghirardi en 48:52.<\/p>   <p>En el Campeonato de Espa\u00f1a por clubes, los tres primeros clubes en categor\u00eda masculina han sido Aiaramendi Korrikalariak, Grupo Alpino de Benalm\u00e1dena y CDE Todovertical. En categor\u00eda femenina los clubes ganadores han sido CDE Todovertical, seguidas por Club Hiru Herri Atletiko Taldea y CD Grupo Alpino de Benalm\u00e1dena.<\/p>   <p>En cuanto a la<b> <\/b>clasificaci\u00f3n auton\u00f3mica el p\u00f3dium masculino ha sido para Antonio Mart\u00ednez en 38:35, segunda posici\u00f3n para Eugeni Gil en 41:15 y la tercera posici\u00f3n para Francisco Vicente Maci\u00e0 con un tiempo de 41:37. En el marco femenino de categor\u00eda auton\u00f3mica, la ganadora ha sido Ana Bel\u00e9n Tauste en un tiempo de 51:27, seguida de Beatriz Rom\u00e1n en 52:13 y cerrando el p\u00f3dium Mar\u00eda del Pilar Medina en 53:49.<\/p>   <p><p><strong>Sigue el canal de la SER en WhatsApp<\/strong><br \/>Encontrar\u00e1s toda la informaci\u00f3n, el deporte y el entretenimiento: la actualidad del d\u00eda y las noticias de \u00faltima hora, los mejores v\u00eddeos y momentos de la radio, entrevistas, reportajes y mucho m\u00e1s.<\/p><a href=\"https:\/\/www.whatsapp.com\/channel\/0029Va633PF9WtC4l7XUzh1e\" title=\"Suscr\u00edbete\">Suscr\u00edbete ahora<\/a><\/p> ","protected":false},"excerpt":{"rendered":"<p>La 15\u00aa edici\u00f3n del KM Vertical de la cima de la Marina Baixa se disput\u00f3 bajo unas duras condiciones clim\u00e1ticas<\/p>\n","protected":false},"author":0,"featured_media":4527,"comment_status":"open","ping_status":"open","sticky":false,"template":"","format":"standard","meta":{"_acf_changed":false,"footnotes":""},"categories":[16],"tags":[],"class_list":["post-4526","post","type-post","status-publish","format-standard","has-post-thumbnail","hentry","category-deportes"],"acf":{"ser_id":"LG5DZWFMLJC5HA5QQTX46MDAQU","ser_url":"https:\/\/cadenaser.com\/comunitat-valenciana\/2024\/04\/28\/antonio-martinez-y-silvia-lara-reinan-en-el-puig-campana-radio-benidorm\/"},"_links":{"self":[{"href":"https:\/\/serbenidorm.daliisolutions.com\/index.php\/wp-json\/wp\/v2\/posts\/4526","targetHints":{"allow":["GET"]}}],"collection":[{"href":"https:\/\/serbenidorm.daliisolutions.com\/index.php\/wp-json\/wp\/v2\/posts"}],"about":[{"href":"https:\/\/serbenidorm.daliisolutions.com\/index.php\/wp-json\/wp\/v2\/types\/post"}],"replies":[{"embeddable":true,"href":"https:\/\/serbenidorm.daliisolutions.com\/index.php\/wp-json\/wp\/v2\/comments?post=4526"}],"version-history":[{"count":0,"href":"https:\/\/serbenidorm.daliisolutions.com\/index.php\/wp-json\/wp\/v2\/posts\/4526\/revisions"}],"wp:featuredmedia":[{"embeddable":true,"href":"https:\/\/serbenidorm.daliisolutions.com\/index.php\/wp-json\/wp\/v2\/media\/4527"}],"wp:attachment":[{"href":"https:\/\/serbenidorm.daliisolutions.com\/index.php\/wp-json\/wp\/v2\/media?parent=4526"}],"wp:term":[{"taxonomy":"category","embeddable":true,"href":"https:\/\/serbenidorm.daliisolutions.com\/index.php\/wp-json\/wp\/v2\/categories?post=4526"},{"taxonomy":"post_tag","embeddable":true,"href":"https:\/\/serbenidorm.daliisolutions.com\/index.php\/wp-json\/wp\/v2\/tags?post=4526"}],"curies":[{"name":"wp","href":"https:\/\/api.w.org\/{rel}","templated":true}]}}