{"id":4528,"date":"2024-04-29T07:24:41","date_gmt":"2024-04-29T05:24:41","guid":{"rendered":"https:\/\/serbenidorm.daliisolutions.com\/index.php\/2024\/04\/29\/el-c-f-benidorm-se-empena-en-darle-emocion-a-la-lliga-comunitat\/"},"modified":"2024-04-29T07:24:41","modified_gmt":"2024-04-29T05:24:41","slug":"el-c-f-benidorm-se-empena-en-darle-emocion-a-la-lliga-comunitat","status":"publish","type":"post","link":"https:\/\/serbenidorm.daliisolutions.com\/index.php\/2024\/04\/29\/el-c-f-benidorm-se-empena-en-darle-emocion-a-la-lliga-comunitat\/","title":{"rendered":"El C.F. Benidorm se empe\u00f1a en darle emoci\u00f3n a la Lliga Comunitat"},"content":{"rendered":"  <p>Benidorm<\/p>   <p>La tard\u00eda reacci\u00f3n del <a href=\"https:\/\/cadenaser.com\/tag\/club_futbol_benidorm\/a\/\" target=\"_blank\" rel=\"noopener\">C.F. Benidorm<\/a> no fue suficiente para poder reconducir un partido que se le hab\u00eda puesto muy cuesta arriba en los primeros compases de la segunda mitad cuando, en una situaci\u00f3n in\u00e9dita en lo que va de curso, los de Miguel \u00c1ngel Mart\u00ednez se vieron 3-0 por detr\u00e1s en el marcador.<\/p>   <p>Con ese abultado marcador se dibujaba con claridad la que, al final, acabar\u00eda siendo la gran sorpresa de la jornada: <a href=\"https:\/\/cadenaser.com\/comunitat-valenciana\/2024\/04\/27\/directo-el-benidorm-puede-ser-campeon-en-javea-radio-benidorm\/\" target=\"_blank\" rel=\"noopener\">la victoria por 3-2 del J\u00e1vea<\/a>, el colista de la clasificaci\u00f3n, sobre el equipo que deb\u00eda celebrar en la tarde del s\u00e1bado su ascenso matem\u00e1tico a Tercera RFEF.<\/p>  <p><p>M\u00e1s informaci\u00f3n<\/p><figure><img decoding=\"async\" src=\"https:\/\/cadenaser.com\/resizer\/Bm6sb0k_0GM9DKSMu51swn2IpuI=\/650x366\/filters:quality(70)\/cloudfront-eu-central-1.images.arcpublishing.com\/prisaradio\/U67BW666GRHGFONW4YD4AAW5OI.jpg\" loading=\"lazy\" width=\"828\" height=\"621\" \/><\/figure><ul><li><a href=\"https:\/\/cadenaser.com\/tag\/club_futbol_benidorm\/a\/\">Todas las noticias del C.F. Benidorm<\/a><\/li><\/ul><\/p>   <p>Al C.F. Benidorm, que s\u00f3lo hab\u00eda perdido un partido esta temporada (el correspondiente a la segunda jornada ante L\u2019Olleria (3-1), le entr\u00f3 mal de altura. S\u00f3lo as\u00ed se puede entender que un equipo que ven\u00eda de encadenar 25 jornadas sin perder, claudicase ante el equipo menos efectivo ante la porter\u00eda contraria y el segundo m\u00e1s goleado del campeonato.<\/p>   <p>Y todo, para m\u00e1s dramatismo, cuando los del Guillermo Amor ten\u00edan a su alcance la consecuci\u00f3n matem\u00e1tica del t\u00edtulo de campeones del grupo sur de la Lliga Comunitat y, con ello, el ascenso a Tercera RFEF.<\/p>   <p>Ahora, todo eso deber\u00e1 de esperar al pr\u00f3ximo fin de semana cuando, ya en casa, el C.F. Benidorm reciba al Independiente de Alicante\u2026 salvo, claro est\u00e1, que el domingo el Crevillent Deportivo tambi\u00e9n d\u00e9 una sorpresa negativa tropezando ante el H\u00e9rcules B.<\/p>   <p>NOTA: La derrota del Crevillent Deportivo el domingo hizo campe\u00f3n matem\u00e1tico al C.F. Benidorm. <a href=\"https:\/\/cadenaser.com\/comunitat-valenciana\/2024\/04\/28\/campeones-radio-benidorm\/\" target=\"_blank\" rel=\"noopener\"><b>L\u00e9elo aqu\u00ed<\/b><\/a>.<\/p>  <p><p>M\u00e1s informaci\u00f3n<\/p><figure><img decoding=\"async\" src=\"https:\/\/cadenaser.com\/resizer\/uUtz4ABTkO4rwBzLkRFzkMvoMp8=\/650x366\/filters:quality(70)\/cloudfront-eu-central-1.images.arcpublishing.com\/prisaradio\/ATDV43CUOBCW5J2HNKCKMRX2JY.jpg\" loading=\"lazy\" width=\"828\" height=\"621\" \/><\/figure><ul><li><a href=\"https:\/\/cadenaser.com\/comunitat-valenciana\/2024\/04\/28\/campeones-radio-benidorm\/\">\u00a1CAMPEONES!<\/a><\/li><\/ul><\/p>   <p><p><strong>Sigue el canal de la SER en WhatsApp<\/strong><br \/>Encontrar\u00e1s toda la informaci\u00f3n, el deporte y el entretenimiento: la actualidad del d\u00eda y las noticias de \u00faltima hora, los mejores v\u00eddeos y momentos de la radio, entrevistas, reportajes y mucho m\u00e1s.<\/p><a href=\"https:\/\/www.whatsapp.com\/channel\/0029Va633PF9WtC4l7XUzh1e\" title=\"Suscr\u00edbete\">Suscr\u00edbete ahora<\/a><\/p> ","protected":false},"excerpt":{"rendered":"<p>Benidorm La tard\u00eda reacci\u00f3n del C.F. Benidorm no fue suficiente para poder reconducir un partido que se le hab\u00eda puesto muy cuesta arriba en los primeros compases de la segunda mitad cuando, en una situaci\u00f3n in\u00e9dita en lo que va de curso, los de Miguel \u00c1ngel Mart\u00ednez se vieron 3-0 por detr\u00e1s en el marcador. [&hellip;]<\/p>\n","protected":false},"author":0,"featured_media":4529,"comment_status":"open","ping_status":"open","sticky":false,"template":"","format":"standard","meta":{"_acf_changed":false,"footnotes":""},"categories":[16],"tags":[],"class_list":["post-4528","post","type-post","status-publish","format-standard","has-post-thumbnail","hentry","category-deportes"],"acf":{"ser_id":"NE46GVGZKBGETISGWP5CF6QP2I","ser_url":"https:\/\/cadenaser.com\/comunitat-valenciana\/2024\/04\/27\/el-cf-benidorm-se-empena-en-darle-emocion-a-la-lliga-comunitat-radio-benidorm\/"},"_links":{"self":[{"href":"https:\/\/serbenidorm.daliisolutions.com\/index.php\/wp-json\/wp\/v2\/posts\/4528","targetHints":{"allow":["GET"]}}],"collection":[{"href":"https:\/\/serbenidorm.daliisolutions.com\/index.php\/wp-json\/wp\/v2\/posts"}],"about":[{"href":"https:\/\/serbenidorm.daliisolutions.com\/index.php\/wp-json\/wp\/v2\/types\/post"}],"replies":[{"embeddable":true,"href":"https:\/\/serbenidorm.daliisolutions.com\/index.php\/wp-json\/wp\/v2\/comments?post=4528"}],"version-history":[{"count":0,"href":"https:\/\/serbenidorm.daliisolutions.com\/index.php\/wp-json\/wp\/v2\/posts\/4528\/revisions"}],"wp:featuredmedia":[{"embeddable":true,"href":"https:\/\/serbenidorm.daliisolutions.com\/index.php\/wp-json\/wp\/v2\/media\/4529"}],"wp:attachment":[{"href":"https:\/\/serbenidorm.daliisolutions.com\/index.php\/wp-json\/wp\/v2\/media?parent=4528"}],"wp:term":[{"taxonomy":"category","embeddable":true,"href":"https:\/\/serbenidorm.daliisolutions.com\/index.php\/wp-json\/wp\/v2\/categories?post=4528"},{"taxonomy":"post_tag","embeddable":true,"href":"https:\/\/serbenidorm.daliisolutions.com\/index.php\/wp-json\/wp\/v2\/tags?post=4528"}],"curies":[{"name":"wp","href":"https:\/\/api.w.org\/{rel}","templated":true}]}}