{"id":4547,"date":"2024-04-29T12:37:37","date_gmt":"2024-04-29T10:37:37","guid":{"rendered":"https:\/\/serbenidorm.daliisolutions.com\/index.php\/2024\/04\/29\/benidorm-estrenara-mayo-con-la-tradicional-festa-de-la-creu\/"},"modified":"2024-04-29T12:37:37","modified_gmt":"2024-04-29T10:37:37","slug":"benidorm-estrenara-mayo-con-la-tradicional-festa-de-la-creu","status":"publish","type":"post","link":"https:\/\/serbenidorm.daliisolutions.com\/index.php\/2024\/04\/29\/benidorm-estrenara-mayo-con-la-tradicional-festa-de-la-creu\/","title":{"rendered":"Benidorm estrenar\u00e1 mayo con la tradicional Festa de La Creu"},"content":{"rendered":"  <p>Benidorm<\/p>   <p>La Festa de La Creu es una de las tradiciones con mayor arraigo en el calendario festero local. <a href=\"https:\/\/cadenaser.com\/tag\/benidorm\/a\/\" target=\"_blank\" rel=\"noopener\">Solo dos d\u00edas despu\u00e9s de la Acampada de las pe\u00f1as que ha batido r\u00e9cord de participaci\u00f3n arranca la programaci\u00f3n con la\u00a0\u00abVestida de la Creu\u00bb<\/a> en la noche del martes. El mi\u00e9rcoles, primero de mayo, tendr\u00e1n lugar los actos centrales y la ni\u00f1a Sandra Moreno Martorell recitar\u00e1 el verso a los pies de la cruz.<\/p>   <p>MARTES 30 DE ABRIL<\/p>   <p><li>22:00h Vestida de la Cre en la Plaza de a Cruz, acompa\u00f1ada por la Colla de Xirimiters de la Marina.<\/li><\/p>   <p>MI\u00c9RCOLES 1 DE MAYO<\/p>   <p><li>8:00h. Volteo General de Campanas y pasacalles con la Colla de Xirimiters de la Marina<\/li><li>10:45h. Romer\u00eda a los pies de la cruz y bendici\u00f3n del t\u00e9rmino municipal. Al finalizar, la ni\u00f1a Sandra Moreno Martorell, recitar\u00e1 el verso tradicional a la Santa Creu. Tras este acto, se realizar\u00e1 la ofrenda de flores en la Parroquia de San Jaime y Santa Ana y una misa que estar\u00e1 amenizada por el Coro de la Barqueta.<\/li><li>19:00h. Concierto \u00abFesta la Creu\u00bb por la Societat Musical La Nova Benidorm, en el Auditorio Oscar Espl\u00e1<\/li><\/p>   <p>VIERNES 3 DE MAYO<\/p>   <p><li>19:00h Misa de Difuntos en la Iglesia de San Jaime y Santa Ana.<\/li><\/p> ","protected":false},"excerpt":{"rendered":"<p>Del 30 de abril al 3 de mayo se celebra una de las fiestas m\u00e1s longevas de la ciudad<\/p>\n","protected":false},"author":0,"featured_media":4548,"comment_status":"open","ping_status":"open","sticky":false,"template":"","format":"standard","meta":{"_acf_changed":false,"footnotes":""},"categories":[1],"tags":[],"class_list":["post-4547","post","type-post","status-publish","format-standard","has-post-thumbnail","hentry","category-sin-categoria"],"acf":{"ser_id":"R6AXNWT3URCBFARAEGYTAAHWAE","ser_url":"https:\/\/cadenaser.com\/comunitat-valenciana\/2024\/04\/29\/benidorm-estrenara-mayo-con-la-tradicional-festa-de-la-creu-radio-benidorm\/"},"_links":{"self":[{"href":"https:\/\/serbenidorm.daliisolutions.com\/index.php\/wp-json\/wp\/v2\/posts\/4547","targetHints":{"allow":["GET"]}}],"collection":[{"href":"https:\/\/serbenidorm.daliisolutions.com\/index.php\/wp-json\/wp\/v2\/posts"}],"about":[{"href":"https:\/\/serbenidorm.daliisolutions.com\/index.php\/wp-json\/wp\/v2\/types\/post"}],"replies":[{"embeddable":true,"href":"https:\/\/serbenidorm.daliisolutions.com\/index.php\/wp-json\/wp\/v2\/comments?post=4547"}],"version-history":[{"count":0,"href":"https:\/\/serbenidorm.daliisolutions.com\/index.php\/wp-json\/wp\/v2\/posts\/4547\/revisions"}],"wp:featuredmedia":[{"embeddable":true,"href":"https:\/\/serbenidorm.daliisolutions.com\/index.php\/wp-json\/wp\/v2\/media\/4548"}],"wp:attachment":[{"href":"https:\/\/serbenidorm.daliisolutions.com\/index.php\/wp-json\/wp\/v2\/media?parent=4547"}],"wp:term":[{"taxonomy":"category","embeddable":true,"href":"https:\/\/serbenidorm.daliisolutions.com\/index.php\/wp-json\/wp\/v2\/categories?post=4547"},{"taxonomy":"post_tag","embeddable":true,"href":"https:\/\/serbenidorm.daliisolutions.com\/index.php\/wp-json\/wp\/v2\/tags?post=4547"}],"curies":[{"name":"wp","href":"https:\/\/api.w.org\/{rel}","templated":true}]}}