{"id":4554,"date":"2024-04-29T14:03:12","date_gmt":"2024-04-29T12:03:12","guid":{"rendered":"https:\/\/serbenidorm.daliisolutions.com\/index.php\/2024\/04\/29\/unanimidad-en-benidorm-para-monitorizar-la-sequia-y-calcular-su-impacto-en-el-turismo\/"},"modified":"2024-04-29T14:03:12","modified_gmt":"2024-04-29T12:03:12","slug":"unanimidad-en-benidorm-para-monitorizar-la-sequia-y-calcular-su-impacto-en-el-turismo","status":"publish","type":"post","link":"https:\/\/serbenidorm.daliisolutions.com\/index.php\/2024\/04\/29\/unanimidad-en-benidorm-para-monitorizar-la-sequia-y-calcular-su-impacto-en-el-turismo\/","title":{"rendered":"Unanimidad en Benidorm para monitorizar la sequ\u00eda y calcular su impacto en el turismo"},"content":{"rendered":"  <p>Benidorm<\/p>   <p>En los tiempos que corren en la pol\u00edtica el Ayuntamiento de Benidorm ha aprobado por unanimidad este lunes durante el pleno constituir el comit\u00e9 de seguimiento de la sequ\u00eda contemplado en el Plan de Emergencia elaborado hace dos a\u00f1os. <\/p>   <p>El concejal del \u00e1rea Jos\u00e9 Ram\u00f3n Gonz\u00e1lez de Z\u00e1rate ha explicado que se monitorizar\u00e1 la situaci\u00f3n de escasez h\u00eddrica y el impacto econ\u00f3mico que puede tener as\u00ed como su repercusi\u00f3n en el medio ambiente o el turismo, aunque tambi\u00e9n ha querido lanzar un mensaje de tranquilidad a la poblaci\u00f3n: <a href=\"https:\/\/cadenaser.com\/tag\/benidorm\/a\/\" target=\"_blank\" rel=\"noopener\">\u00abLo que hay que dejar bien claro es que vamos a tener agua, no va a haber falta de abastecimiento\u00bb<\/a>, ha remarcado.<\/p>  <p><p class=\"tit\"><span>Gonz\u00e1lez de Z\u00e1rate, edil de Ciclo del Agua de Benidorm, sobre el comit\u00e9 de seguimiento de la sequ\u00eda<\/span><\/p> <p class=\"emb\"><iframe loading=\"lazy\" src=\"https:\/\/cadenaser.com\/embed\/audio\/460\/1714391089101\/\" width=\"100%\" height=\"360\" frameborder=\"0\" allowfullscreen><\/iframe><\/p><\/p>   <p>El PSOE y VOX han votado a favor, al igual que han hecho en otros puntos para otorgar la \u2018Distinci\u00f3n Europa\u2019 a Laura Navarro, directora del aeropuerto Alicante-Elche Miguel Hern\u00e1ndez o para la adhesi\u00f3n al convenio de la Generalitat y la Federaci\u00f3n Valenciana de Municipios y Provincias (FVMP) para promover la construcci\u00f3n de vivienda p\u00fablica.<\/p>  <p><figure><img decoding=\"async\" src=\"https:\/\/cadenaser.com\/resizer\/PReTsOU_avphteCR_WuT73MSq1E=\/650x366\/filters:quality(70)\/cloudfront-eu-central-1.images.arcpublishing.com\/prisaradio\/KIFKFPWBL5CPHBL754WSETGKWI.jpeg\" loading=\"lazy\" width=\"240\" height=\"135\" \/><\/figure><div><a href=\"https:\/\/cadenaser.com\/comunitat-valenciana\/2024\/04\/11\/las-91-viviendas-sociales-anunciadas-en-benidorm-deberan-estar-terminadas-antes-de-junio-de-2026-radio-benidorm\/\">Las 91 viviendas sociales anunciadas en Benidorm deber\u00e1n estar terminadas antes de junio de 2026<\/a><p><\/p><\/div><\/p>   <p>24.000 viviendas cerradas en Benidorm<\/p>   <p>Por cierto que durante ese punto los socialistas han propuesto al alcalde un plan para que puedan salir al alquiler las 24.000 viviendas cerradas en la ciudad. Su portavoz adjunto Sergi Castillo ha pedido que se constituya una mesa de trabajo para abordar este problema habitacional en la que participen la corporaci\u00f3n municipal, sindicatos, patronal hotelera, constructores y asociaciones.<\/p>  <p><p class=\"tit\"><span>Sergi Castillo (PSOE Benidorm) propone un plan para que se alquilen las viviendas cerradas<\/span><\/p> <p class=\"emb\"><iframe loading=\"lazy\" src=\"https:\/\/cadenaser.com\/embed\/audio\/460\/1714391176531\/\" width=\"100%\" height=\"360\" frameborder=\"0\" allowfullscreen><\/iframe><\/p><\/p>   <p>Castillo ha planteado, entre otras ideas, bonificar a los arrendatarios que alquilen, gravar a los propietarios de pisos vac\u00edos, dar ayudas a la rehabilitaci\u00f3n de viviendas condicionadas a que durante un tiempo se alquilen a residentes.<\/p>   <p>Seg\u00fan los datos del Instituto Nacional de Estad\u00edstica (INE) en Benidorm hay casi<a href=\"https:\/\/cadenaser.com\/tag\/vivienda\/a\/\" target=\"_blank\" rel=\"noopener\"> 9.000 viviendas vac\u00edas, 5.000 registradas con bajo consumo el\u00e9ctrico, y otras 10.000 con uno espor\u00e1dico, un total de m\u00e1s de 24.000 casas que representan el 40% del parque residencial<\/a>.<\/p> ","protected":false},"excerpt":{"rendered":"<p>El PSOE ha propuesto en el pleno de abril una mesa de trabajo para que afloren al alquiler las viviendas cerradas en la ciudad<\/p>\n","protected":false},"author":0,"featured_media":4555,"comment_status":"open","ping_status":"open","sticky":false,"template":"","format":"standard","meta":{"_acf_changed":false,"footnotes":""},"categories":[1],"tags":[],"class_list":["post-4554","post","type-post","status-publish","format-standard","has-post-thumbnail","hentry","category-sin-categoria"],"acf":{"ser_id":"P3OTRHUC7VBRPBJE4W6LC6RMHU","ser_url":"https:\/\/cadenaser.com\/comunitat-valenciana\/2024\/04\/29\/unanimidad-en-benidorm-para-monitorizar-la-sequia-y-calcular-su-impacto-en-el-turismo-radio-benidorm\/"},"_links":{"self":[{"href":"https:\/\/serbenidorm.daliisolutions.com\/index.php\/wp-json\/wp\/v2\/posts\/4554","targetHints":{"allow":["GET"]}}],"collection":[{"href":"https:\/\/serbenidorm.daliisolutions.com\/index.php\/wp-json\/wp\/v2\/posts"}],"about":[{"href":"https:\/\/serbenidorm.daliisolutions.com\/index.php\/wp-json\/wp\/v2\/types\/post"}],"replies":[{"embeddable":true,"href":"https:\/\/serbenidorm.daliisolutions.com\/index.php\/wp-json\/wp\/v2\/comments?post=4554"}],"version-history":[{"count":0,"href":"https:\/\/serbenidorm.daliisolutions.com\/index.php\/wp-json\/wp\/v2\/posts\/4554\/revisions"}],"wp:featuredmedia":[{"embeddable":true,"href":"https:\/\/serbenidorm.daliisolutions.com\/index.php\/wp-json\/wp\/v2\/media\/4555"}],"wp:attachment":[{"href":"https:\/\/serbenidorm.daliisolutions.com\/index.php\/wp-json\/wp\/v2\/media?parent=4554"}],"wp:term":[{"taxonomy":"category","embeddable":true,"href":"https:\/\/serbenidorm.daliisolutions.com\/index.php\/wp-json\/wp\/v2\/categories?post=4554"},{"taxonomy":"post_tag","embeddable":true,"href":"https:\/\/serbenidorm.daliisolutions.com\/index.php\/wp-json\/wp\/v2\/tags?post=4554"}],"curies":[{"name":"wp","href":"https:\/\/api.w.org\/{rel}","templated":true}]}}