{"id":4570,"date":"2024-04-30T09:10:28","date_gmt":"2024-04-30T07:10:28","guid":{"rendered":"https:\/\/serbenidorm.daliisolutions.com\/index.php\/2024\/04\/30\/inadmitida-una-denuncia-por-irregularidades-en-un-proceso-de-la-policia-local-de-benidorm\/"},"modified":"2024-04-30T09:10:28","modified_gmt":"2024-04-30T07:10:28","slug":"inadmitida-una-denuncia-por-irregularidades-en-un-proceso-de-la-policia-local-de-benidorm","status":"publish","type":"post","link":"https:\/\/serbenidorm.daliisolutions.com\/index.php\/2024\/04\/30\/inadmitida-una-denuncia-por-irregularidades-en-un-proceso-de-la-policia-local-de-benidorm\/","title":{"rendered":"Inadmitida una denuncia por irregularidades en un proceso de la Polic\u00eda Local de Benidorm"},"content":{"rendered":"  <p>Benidorm<\/p>   <p>La Agencia Valenciana Antifraude ha inadmitido una denuncia contra el ayuntamiento de Benidorm por presuntas irregularidades en el proceso selectivo para la provisi\u00f3n de seis plazas de oficial de la Polic\u00eda Local y ha dado por finalizado el expediente en una resoluci\u00f3n contra la que no cabe recurso.<\/p>   <p>Seg\u00fan la resoluci\u00f3n de Antifraude, a la que <a href=\"https:\/\/cadenaser.com\/tag\/benidorm\/a\/\" target=\"_blank\" rel=\"noopener\">Radio Benidorm<\/a> ha tenido acceso, el director de la agencia considera que los argumentos esgrimidos en la denuncia son cuestiones \u201cde discusi\u00f3n jur\u00eddica\u201d que se escapan del \u00e1mbito de actuaci\u00f3n de la agencia, que \u201cno tiene competencias en las funciones y materias que corresponden a la autoridad judicial, ministerio fiscal y polic\u00eda judicial\u201d.<\/p>  <p><p>M\u00e1s informaci\u00f3n<\/p><figure><img decoding=\"async\" src=\"https:\/\/cadenaser.com\/resizer\/1Po0LsKT4W1mPK6kRdqWdjd3Lb4=\/650x366\/filters:quality(70)\/cloudfront-eu-central-1.images.arcpublishing.com\/prisaradio\/MH7SECFDTBCCXG5OUX3U2FON44.jpg\" loading=\"lazy\" width=\"828\" height=\"621\" \/><\/figure><ul><li><a href=\"https:\/\/cadenaser.com\/comunitat-valenciana\/2024\/04\/29\/unanimidad-en-benidorm-para-monitorizar-la-sequia-y-calcular-su-impacto-en-el-turismo-radio-benidorm\/\">Unanimidad en Benidorm para monitorizar la sequ\u00eda y calcular su impacto en el turismo<\/a><\/li><\/ul><\/p>   <p>La denuncia alude al proceso selectivo convocado por el consistorio en febrero de 2021 para la provisi\u00f3n en propiedad de seis plazas de oficial de la Polic\u00eda Local en r\u00e9gimen de promoci\u00f3n interna ordinaria, interadministrativa y por turno de movilidad. <\/p>   <p>Los criterios se publicaron en la web municipal una hora antes de la prueba<\/p>   <p>En la misma se pone en cuesti\u00f3n los criterios de valoraci\u00f3n de los factores de personalidad de la prueba al haberse publicado en la p\u00e1gina web del consistorio con una hora de antelaci\u00f3n a la realizaci\u00f3n del examen, algo que no se recog\u00eda en las bases de la convocatoria.<\/p>   <p>Tras abrir expediente, Antifraude solicit\u00f3 informaci\u00f3n al ayuntamiento y, una vez analizada la misma, constata que los criterios de baremaci\u00f3n de la prueba psicot\u00e9cnica fueron publicados previamente pero tan s\u00f3lo con 45 minutos de antelaci\u00f3n.<\/p>   <p>Sin embargo la agencia entiende que \u201ces una discusi\u00f3n jur\u00eddica\u201d y no de su competencia si esos 45 minutos de antelaci\u00f3n son \u201cconforme o no a las exigencias derivadas de los principios de publicidad y transparencia en relaci\u00f3n al sistema de baremaci\u00f3n y correcci\u00f3n del perfil profesiogr\u00e1fico a valorar en la prueba psicot\u00e9cnica\u201d.<\/p>   <p>En este este escenario, Antifarude \u201cno puede sustituir o plantearse como v\u00eda alternativa\u201d a la administrativa o a la jurisdicci\u00f3n contencioso-administrativa para resolver cuestiones \u201cde calado \u00fanicamente jur\u00eddico\u201d, y por lo tanto considera que \u201cno constan elementos objetivos de juicio suficientes que permitan el inicio de actuaciones de investigaci\u00f3n\u201d, de modo que no admite la denuncia, dando por cerrado el expediente. <\/p> ","protected":false},"excerpt":{"rendered":"<p>La Agencia Valenciana Antifraude asegura no tener competencias<\/p>\n","protected":false},"author":0,"featured_media":4571,"comment_status":"open","ping_status":"open","sticky":false,"template":"","format":"standard","meta":{"_acf_changed":false,"footnotes":""},"categories":[1],"tags":[],"class_list":["post-4570","post","type-post","status-publish","format-standard","has-post-thumbnail","hentry","category-sin-categoria"],"acf":{"ser_id":"HDK3GAC2TZGSJK4A2RUYT7VT4Q","ser_url":"https:\/\/cadenaser.com\/comunitat-valenciana\/2024\/04\/29\/inadmitida-una-denuncia-por-irregularidades-en-un-proceso-de-la-policia-local-de-benidorm-radio-benidorm\/"},"_links":{"self":[{"href":"https:\/\/serbenidorm.daliisolutions.com\/index.php\/wp-json\/wp\/v2\/posts\/4570","targetHints":{"allow":["GET"]}}],"collection":[{"href":"https:\/\/serbenidorm.daliisolutions.com\/index.php\/wp-json\/wp\/v2\/posts"}],"about":[{"href":"https:\/\/serbenidorm.daliisolutions.com\/index.php\/wp-json\/wp\/v2\/types\/post"}],"replies":[{"embeddable":true,"href":"https:\/\/serbenidorm.daliisolutions.com\/index.php\/wp-json\/wp\/v2\/comments?post=4570"}],"version-history":[{"count":0,"href":"https:\/\/serbenidorm.daliisolutions.com\/index.php\/wp-json\/wp\/v2\/posts\/4570\/revisions"}],"wp:featuredmedia":[{"embeddable":true,"href":"https:\/\/serbenidorm.daliisolutions.com\/index.php\/wp-json\/wp\/v2\/media\/4571"}],"wp:attachment":[{"href":"https:\/\/serbenidorm.daliisolutions.com\/index.php\/wp-json\/wp\/v2\/media?parent=4570"}],"wp:term":[{"taxonomy":"category","embeddable":true,"href":"https:\/\/serbenidorm.daliisolutions.com\/index.php\/wp-json\/wp\/v2\/categories?post=4570"},{"taxonomy":"post_tag","embeddable":true,"href":"https:\/\/serbenidorm.daliisolutions.com\/index.php\/wp-json\/wp\/v2\/tags?post=4570"}],"curies":[{"name":"wp","href":"https:\/\/api.w.org\/{rel}","templated":true}]}}