{"id":4588,"date":"2024-05-01T07:07:29","date_gmt":"2024-05-01T05:07:29","guid":{"rendered":"https:\/\/serbenidorm.daliisolutions.com\/index.php\/2024\/05\/01\/hosbec-pide-una-actualizacion-de-los-locales-de-ocio-de-benidorm-para-no-seguir-perdiendo-turismo-lgtbi\/"},"modified":"2024-05-01T07:07:29","modified_gmt":"2024-05-01T05:07:29","slug":"hosbec-pide-una-actualizacion-de-los-locales-de-ocio-de-benidorm-para-no-seguir-perdiendo-turismo-lgtbi","status":"publish","type":"post","link":"https:\/\/serbenidorm.daliisolutions.com\/index.php\/2024\/05\/01\/hosbec-pide-una-actualizacion-de-los-locales-de-ocio-de-benidorm-para-no-seguir-perdiendo-turismo-lgtbi\/","title":{"rendered":"Hosbec pide una actualizaci\u00f3n de los locales de ocio de Benidorm para no seguir perdiendo turismo LGTBI"},"content":{"rendered":"  <p>Benidorm<\/p>   <p>El presidente de Hosbec, <a href=\"https:\/\/cadenaser.com\/comunitat-valenciana\/2022\/12\/05\/fede-fuster-nos-preocupa-que-el-turismo-se-ponga-en-peligro-por-un-tema-electoral-radio-benidorm\/\" target=\"_blank\" rel=\"noopener\">Fede Fuster<\/a>, advierte que Benidorm \u201cse est\u00e1 quedando atr\u00e1s\u201d en cuanto a capacidad de atracci\u00f3n en cuanto al<a href=\"https:\/\/cadenaser.com\/comunitat-valenciana\/2023\/09\/08\/mas-de-20000-personas-cierran-en-benidorm-el-calendario-europeo-del-orgullo-lgtbi-radio-benidorm\/\" target=\"_blank\" rel=\"noopener\"> turismo LGTBI <\/a>y pide \u201ca la iniciativa privada\u201d actualizar los locales de ocio para hacerlos m\u00e1s atractivos.<\/p>   <p>Fede Fuster ha estado en Hoy por Hoy Benidorm donde ha se\u00f1alado que considera que ciudades como Torremolinos \u201cnos est\u00e1n adelantando por la derecha y creo que tenemos que hacer esfuerzo\u201d. El <a href=\"https:\/\/cadenaser.com\/tag\/hosbec_asociacion_empresarial_hostelera_benidorm_costa_blanca_comunidad_valenciana\/a\/\" target=\"_blank\" rel=\"noopener\">presidente de Hosbec <\/a>ha pedido a \u201cla iniciativa privada\u201d que invierta para \u201cdesarrollar los establecimientos y hacer sitios m\u00e1s modernos, innovadores y disruptivos porque nos estamos quedando un poquito atr\u00e1s\u201d.<\/p>   <p>A pesar de que Benidorm, con eventos como el <a href=\"https:\/\/cadenaser.com\/comunitat-valenciana\/2022\/09\/09\/el-benidorm-pride-festival-empieza-sus-dias-grandes-radio-benidorm\/\" target=\"_blank\" rel=\"noopener\">Pride <\/a>o el Benidorm Fest, se ha ganado un lugar preferente entre el p\u00fablico LGTBI los hosteleros entienden que la oferta complementaria y de locales de ocio debe acompa\u00f1ar a estos eventos. Especialmente al tratarse de un turismo de alto poder adquisitivo y que tiene capacidad de realizar un gasto elevado en destino.<\/p>   <p>Por otra parte, Fuster augura un 2024 como el de la consolidaci\u00f3n de la recuperaci\u00f3n del turismo brit\u00e1nico y el mercado nacional y con un marcado crecimiento de mercados emergentes como el Polaco. \u201cEs un mercado (el polaco) que nos est\u00e1 sorprendiendo much\u00edsimo por su crecimiento. Le gusta la zona y tiene buenas conexiones con el aeropuerto. Tambi\u00e9n hemos crecido mucho en los \u00faltimos a\u00f1os en Francia y hemos recuperado al brit\u00e1nico. Internacionalmente vamos muy bien y <a href=\"https:\/\/cadenaser.com\/comunitat-valenciana\/2023\/09\/19\/los-hoteleros-de-benidorm-y-la-comunitat-valenciana-preven-a-principios-de-octubre-la-llegada-de-los-primeros-turistas-del-imserso-radio-benidorm\/\" target=\"_blank\" rel=\"noopener\">el mercado nacional est\u00e1 ya funcionando<\/a> con normalidad\u201d, a\u00f1ade.<\/p>   <p>Precisamente, para seguir ganando terreno en mercado internacional, el presidente de Hosbec ha aludido a la necesidad de mejorar la conectividad a\u00e9rea con la construcci\u00f3n de una segunda pista en el aeropuerto Alicante-Elche. \u201cUna segunda pista nos dar\u00eda muchos m\u00e1s vuelos en las horas centrales del d\u00eda, que es donde realmente podemos competir con otros destinos, tanto en cantidad de vuelos y turistas como en calidad del viaje\u201d, reclama.<\/p>   <p>El problema radica en los horarios nocturnos de los vuelos que pueden disuadir a muchos turistas de elegir el aeropuerto de Alicante como destino. \u201cEn Alicante tenemos muchos vuelos entre las doce de la noche y las ochos de la ma\u00f1ana y la gente tiene que ir al aeropuerto a las dos de la ma\u00f1ana para coger un vuelo a las cuatro. Para eso, no vienen a Alicante, se van a otro sitio, porque ese horario para una familia no es\u201d, indica.<\/p>   <p><p><strong>Sigue el canal de la SER en WhatsApp<\/strong><br \/>Encontrar\u00e1s toda la informaci\u00f3n, el deporte y el entretenimiento: la actualidad del d\u00eda y las noticias de \u00faltima hora, los mejores v\u00eddeos y momentos de la radio, entrevistas, reportajes y mucho m\u00e1s.<\/p><a href=\"https:\/\/www.whatsapp.com\/channel\/0029Va633PF9WtC4l7XUzh1e\" title=\"Suscr\u00edbete\">Suscr\u00edbete ahora<\/a><\/p> ","protected":false},"excerpt":{"rendered":"<p>En Hoy por Hoy Benidorm Fede Fuster avanza c\u00f3mo se prev\u00e9 la pr\u00f3xima temporada tur\u00edstica<\/p>\n","protected":false},"author":0,"featured_media":4589,"comment_status":"open","ping_status":"open","sticky":false,"template":"","format":"standard","meta":{"_acf_changed":false,"footnotes":""},"categories":[1],"tags":[],"class_list":["post-4588","post","type-post","status-publish","format-standard","has-post-thumbnail","hentry","category-sin-categoria"],"acf":{"ser_id":"77NSUKZ46BHFPGMXGVQ24RL2UA","ser_url":"https:\/\/cadenaser.com\/comunitat-valenciana\/2024\/04\/30\/hosbec-pide-una-actualizacion-de-los-locales-de-ocio-para-no-seguir-perdiendo-turismo-lgtbi-radio-benidorm\/"},"_links":{"self":[{"href":"https:\/\/serbenidorm.daliisolutions.com\/index.php\/wp-json\/wp\/v2\/posts\/4588","targetHints":{"allow":["GET"]}}],"collection":[{"href":"https:\/\/serbenidorm.daliisolutions.com\/index.php\/wp-json\/wp\/v2\/posts"}],"about":[{"href":"https:\/\/serbenidorm.daliisolutions.com\/index.php\/wp-json\/wp\/v2\/types\/post"}],"replies":[{"embeddable":true,"href":"https:\/\/serbenidorm.daliisolutions.com\/index.php\/wp-json\/wp\/v2\/comments?post=4588"}],"version-history":[{"count":0,"href":"https:\/\/serbenidorm.daliisolutions.com\/index.php\/wp-json\/wp\/v2\/posts\/4588\/revisions"}],"wp:featuredmedia":[{"embeddable":true,"href":"https:\/\/serbenidorm.daliisolutions.com\/index.php\/wp-json\/wp\/v2\/media\/4589"}],"wp:attachment":[{"href":"https:\/\/serbenidorm.daliisolutions.com\/index.php\/wp-json\/wp\/v2\/media?parent=4588"}],"wp:term":[{"taxonomy":"category","embeddable":true,"href":"https:\/\/serbenidorm.daliisolutions.com\/index.php\/wp-json\/wp\/v2\/categories?post=4588"},{"taxonomy":"post_tag","embeddable":true,"href":"https:\/\/serbenidorm.daliisolutions.com\/index.php\/wp-json\/wp\/v2\/tags?post=4588"}],"curies":[{"name":"wp","href":"https:\/\/api.w.org\/{rel}","templated":true}]}}