{"id":4619,"date":"2024-05-01T10:42:42","date_gmt":"2024-05-01T08:42:42","guid":{"rendered":"https:\/\/serbenidorm.daliisolutions.com\/index.php\/2024\/05\/01\/el-club-de-rugby-la-vila-prepara-el-desembarco-jonense-en-las-rozas\/"},"modified":"2024-05-01T10:42:42","modified_gmt":"2024-05-01T08:42:42","slug":"el-club-de-rugby-la-vila-prepara-el-desembarco-jonense-en-las-rozas","status":"publish","type":"post","link":"https:\/\/serbenidorm.daliisolutions.com\/index.php\/2024\/05\/01\/el-club-de-rugby-la-vila-prepara-el-desembarco-jonense-en-las-rozas\/","title":{"rendered":"El Club de Rugby La Vila prepara el desembarco jonense en Las Rozas"},"content":{"rendered":"  <p>Benidorm<\/p>   <p>El pr\u00f3ximo d\u00eda 12 de mayo (domingo) el <a href=\"https:\/\/cadenaser.com\/tag\/club_rugby_la_vila\/a\/\" target=\"_blank\" rel=\"noopener\">Huesitos-La Vila<\/a> afronta la gran final por el ascenso a la m\u00e1xima categor\u00eda del rugby espa\u00f1ol en el campo del Industriales Las Rozas, que como mejor clasificado en la fase \u00e9lite de la competici\u00f3n, se gan\u00f3 el derecho de disputar este partido contando con el factor cancha a favor.<\/p>   <p>Por su parte, la directiva del <a href=\"https:\/\/cadenaser.com\/tag\/club_rugby_la_vila\/a\/\" target=\"_blank\" rel=\"noopener\">Club de Rugby La Vila<\/a>, como ya hiciera <a href=\"https:\/\/cadenaser.com\/comunitat-valenciana\/2024\/04\/27\/el-huesitos-la-vila-se-mete-en-la-final-por-el-ascenso-radio-benidorm\/\" target=\"_blank\" rel=\"noopener\">con motivo de la semifinal celebrada en Val\u00e8ncia<\/a>, quiere contar con una importante legi\u00f3n de aficionados para llevar en volandas a los suyos en el partido m\u00e1s importante de la presente campa\u00f1a.<\/p>  <p><p>M\u00e1s informaci\u00f3n<\/p><figure><img decoding=\"async\" src=\"https:\/\/cadenaser.com\/resizer\/AmLp-DQH1O6sXZqn3GHwtOSFv5A=\/650x366\/filters:quality(70)\/cloudfront-eu-central-1.images.arcpublishing.com\/prisaradio\/SFWFFBQJOBAIZHCLWPOLRKCNCE.jpeg\" loading=\"lazy\" width=\"828\" height=\"621\" \/><\/figure><ul><li><a href=\"https:\/\/cadenaser.com\/tag\/club_rugby_la_vila\/a\/\">Todas las noticias del Huesitos-La Vila<\/a><\/li><\/ul><\/p>   <p>Para ello, la entidad de El Pantano ha anunciado que ha puesto a disposici\u00f3n de todos los aficionados que quieran acudir a Madrid un autob\u00fas para acudir a ese choque ante el Industriales Las Rozas. El precio del viaje m\u00e1s la entrada (que incluye tambi\u00e9n un regalo en forma de bolsa del aficionado) ser\u00e1 de 35 euros.<\/p>   <p>La salida desde la Llar del Pensionista de La Vila se ha programado a las 6:00 horas del domingo, 12 de mayo y el regreso ser\u00e1 nada m\u00e1s terminar el partido, cuya hora de arranque se ha fijado para las 13:30 horas.<\/p>   <p>Todos los aficionados que deseen viajar hasta Madrid para apoyar al Huesitos-La Vila en este d\u00eda tan importante para la entidad, pueden pedir m\u00e1s informaci\u00f3n y reservar su plaza a trav\u00e9s del email <a href=\"mailto:oficina@rugbylavila.net\" rel=\"nofollow\">oficina@rugbylavila.net<\/a>o llamando (o mandando un mensaje de WhatsApp) al 660 638 027. El plazo m\u00e1ximo para realizar la reserva se ha fijado en el jueves, 9 de mayo.<\/p>   <p><p><strong>Sigue el canal de la SER en WhatsApp<\/strong><br \/>Encontrar\u00e1s toda la informaci\u00f3n, el deporte y el entretenimiento: la actualidad del d\u00eda y las noticias de \u00faltima hora, los mejores v\u00eddeos y momentos de la radio, entrevistas, reportajes y mucho m\u00e1s.<\/p><a href=\"https:\/\/www.whatsapp.com\/channel\/0029Va633PF9WtC4l7XUzh1e\" title=\"Suscr\u00edbete\">Suscr\u00edbete ahora<\/a><\/p> ","protected":false},"excerpt":{"rendered":"<p>La entidad de El Pantano organizar\u00e1 un autob\u00fas para desplazar a los aficionados que quieran vivir la final por el ascenso<\/p>\n","protected":false},"author":0,"featured_media":4620,"comment_status":"open","ping_status":"open","sticky":false,"template":"","format":"standard","meta":{"_acf_changed":false,"footnotes":""},"categories":[16],"tags":[],"class_list":["post-4619","post","type-post","status-publish","format-standard","has-post-thumbnail","hentry","category-deportes"],"acf":{"ser_id":"BUQKX3DCTVCIXBISVVFXMNGOJY","ser_url":"https:\/\/cadenaser.com\/comunitat-valenciana\/2024\/05\/01\/el-club-de-rugby-la-vila-prepara-el-desembarco-jonense-en-las-rozas-radio-benidorm\/"},"_links":{"self":[{"href":"https:\/\/serbenidorm.daliisolutions.com\/index.php\/wp-json\/wp\/v2\/posts\/4619","targetHints":{"allow":["GET"]}}],"collection":[{"href":"https:\/\/serbenidorm.daliisolutions.com\/index.php\/wp-json\/wp\/v2\/posts"}],"about":[{"href":"https:\/\/serbenidorm.daliisolutions.com\/index.php\/wp-json\/wp\/v2\/types\/post"}],"replies":[{"embeddable":true,"href":"https:\/\/serbenidorm.daliisolutions.com\/index.php\/wp-json\/wp\/v2\/comments?post=4619"}],"version-history":[{"count":0,"href":"https:\/\/serbenidorm.daliisolutions.com\/index.php\/wp-json\/wp\/v2\/posts\/4619\/revisions"}],"wp:featuredmedia":[{"embeddable":true,"href":"https:\/\/serbenidorm.daliisolutions.com\/index.php\/wp-json\/wp\/v2\/media\/4620"}],"wp:attachment":[{"href":"https:\/\/serbenidorm.daliisolutions.com\/index.php\/wp-json\/wp\/v2\/media?parent=4619"}],"wp:term":[{"taxonomy":"category","embeddable":true,"href":"https:\/\/serbenidorm.daliisolutions.com\/index.php\/wp-json\/wp\/v2\/categories?post=4619"},{"taxonomy":"post_tag","embeddable":true,"href":"https:\/\/serbenidorm.daliisolutions.com\/index.php\/wp-json\/wp\/v2\/tags?post=4619"}],"curies":[{"name":"wp","href":"https:\/\/api.w.org\/{rel}","templated":true}]}}