{"id":4621,"date":"2024-05-01T11:27:15","date_gmt":"2024-05-01T09:27:15","guid":{"rendered":"https:\/\/serbenidorm.daliisolutions.com\/index.php\/2024\/05\/01\/las-kellys-lamentan-que-no-se-convoquen-las-mesas-de-trabajo-para-calcular-la-carga-que-pueden-soportar\/"},"modified":"2024-05-01T11:27:15","modified_gmt":"2024-05-01T09:27:15","slug":"las-kellys-lamentan-que-no-se-convoquen-las-mesas-de-trabajo-para-calcular-la-carga-que-pueden-soportar","status":"publish","type":"post","link":"https:\/\/serbenidorm.daliisolutions.com\/index.php\/2024\/05\/01\/las-kellys-lamentan-que-no-se-convoquen-las-mesas-de-trabajo-para-calcular-la-carga-que-pueden-soportar\/","title":{"rendered":"Las Kellys lamentan que no se convoquen las mesas de trabajo para calcular la carga que pueden soportar"},"content":{"rendered":"  <p>Alicante<\/p>   <p>En este primero de mayo las camareras de piso de la provincia de Alicante recuerdan que siguen esperando la regulaci\u00f3n de la carga de trabajo que soportan y que supone \u00abritmos fren\u00e9ticos\u00bb, sobre todo en los momentos de mayor afluencia de visitantes.<\/p>   <p>Mientras se baten r\u00e9cords de ocupaci\u00f3n, este colectivo lamenta que las Mesas de Trabajo para calcular esa carga se haya quedado, por ahora, tan solo en un papel <a href=\"https:\/\/cadenaser.com\/comunitat-valenciana\/2023\/07\/14\/el-nuevo-convenio-de-hosteleria-de-la-provincia-de-alicante-incrementara-un-4-los-salarios-en-2023-radio-alicante\/\" target=\"_blank\" rel=\"noopener\">cuando se aprob\u00f3 el convenio de Hosteler\u00eda hace cerca de un a\u00f1o<\/a>.<\/p>   <p>\u00abTerminamos rotas\u00bb<\/p>   <p>La portavoz de la Asociaci\u00f3n de Kellys de Benidorm-Marina Baixa, Yolanda Garc\u00eda, asegura que esta profesi\u00f3n y la sobrecarga acaban provocando lesiones y dolencias cr\u00f3nicas, por lo que ya han pedido, a nivel nacional, que se  incorpore al lote de nuevas profesiones con jubilaci\u00f3n anticipada, \u00abal ser lo suficientemente dolosa\u00bb.<\/p>   <p><p>M\u00e1s informaci\u00f3n<\/p><ul><li><a href=\"https:\/\/cadenaser.com\/comunitat-valenciana\/2023\/08\/16\/otro-verano-de-sobrecarga-para-las-kellys-de-benidorm-terminamos-el-verano-hechas-una-porqueria-radio-benidorm\/\">Una temporada m\u00e1s de sobrecarga para &#8216;las kellys&#8217; de Benidorm: \u00abTerminamos el verano hechas una porquer\u00eda\u00bb<\/a><\/li><li><a href=\"https:\/\/cadenaser.com\/comunitat-valenciana\/2023\/12\/24\/las-kellys-de-benidorm-marina-baixa-hay-un-grave-problema-de-relevo-generacional-en-el-oficio-radio-alicante\/\">Las Kellys de Benidorm-Marina Baixa: \u00abHay un grave problema de relevo generacional en el oficio\u00bb<\/a><\/li><\/ul><\/p>   <p>Y es que \u00abuna mujer con 67 a\u00f1os no puede estar haciendo una media de entre 20  y 25 habitaciones al d\u00eda\u00bb. \u00abTerminamos rotas\u00bb, lamenta esta portavoz que  recuerda que \u00abcasi ninguna camarera de piso se jubila a su edad y en condiciones\u00bb.<\/p>  <p><p class=\"tit\"><span>Yolanda Garc\u00eda, portavoz Asociaci\u00f3n Kellys Benidorm-Marina Baixa: \u00abTerminamos rotas con la sobrecarga de trabajo\u00bb<\/span><\/p> <p class=\"emb\"><iframe loading=\"lazy\" src=\"https:\/\/cadenaser.com\/embed\/audio\/460\/1714547376127\/\" width=\"100%\" height=\"360\" frameborder=\"0\" allowfullscreen><\/iframe><\/p><\/p>   <p>Convenio de hosteler\u00eda y creaci\u00f3n de Mesas de Trabajo<\/p>   <p>El nuevo convenio de hosteler\u00eda de la provincia de Alicante se firm\u00f3 hace cerca de un a\u00f1o. En \u00e9l se recoge que hay que regular la carga de trabajo de las camareras de piso, pero \u00abpocos hoteles  hacen los estudios ergon\u00f3micos psico-sociales necesarios que marca la ley para calcular los ritmos de trabajo\u00bb. Pone el ejemplo de la pasada Semana Santa cuando soportaron \u00abritmos inadmisibles\u00bb y este puente de mayo ser\u00e1 otro momento de gran afluencia de visitantes, y \u00abcon el verano a la vuelta de la esquina\u00bb.<\/p>   <p>El convenio recog\u00eda tambi\u00e9n, como novedad, la creaci\u00f3n de una Mesa de Trabajo espec\u00edfica para que se avanzara en el c\u00e1lculo de los ritmos de trabajo, que se deben realizar hotel por hotel, al tener cada uno caracter\u00edsticas diferentes. De  ello, no hay nada, ha lamentado.<\/p>  <p><p class=\"tit\"><span>Yolanda Garc\u00eda, portavoz Asociaci\u00f3n Kellys Benidorm-Marina Baixa: \u00abNo se ha convocado la Mesa de Trabajo para calcular los ritmos de trabajo\u00bb<\/span><\/p> <p class=\"emb\"><iframe loading=\"lazy\" src=\"https:\/\/cadenaser.com\/embed\/audio\/460\/1714547562318\/\" width=\"100%\" height=\"360\" frameborder=\"0\" allowfullscreen><\/iframe><\/p><\/p>   <p>Solo en Benidorm hay m\u00e1s de 4.000 camareras de piso. Y explica Yolanda Garc\u00eda  que, cuando van a las mutuas, tienen que pelear para que las dolencias con las que acuden sean reconocidas como consecuencia del ejercicio de su profesi\u00f3n.<\/p>   <p><p><strong>Sigue el canal de la SER en WhatsApp<\/strong><br \/>Encontrar\u00e1s toda la informaci\u00f3n, el deporte y el entretenimiento: la actualidad del d\u00eda y las noticias de \u00faltima hora, los mejores v\u00eddeos y momentos de la radio, entrevistas, reportajes y mucho m\u00e1s.<\/p><a href=\"https:\/\/www.whatsapp.com\/channel\/0029Va633PF9WtC4l7XUzh1e\" title=\"Suscr\u00edbete\">Suscr\u00edbete ahora<\/a><\/p> ","protected":false},"excerpt":{"rendered":"<p>En este puente y a las puertas del verano, las camareras de piso de Benidorm-Marina Baixa insisten en la sobrecarga y sus consecuencias <\/p>\n","protected":false},"author":0,"featured_media":4622,"comment_status":"open","ping_status":"open","sticky":false,"template":"","format":"standard","meta":{"_acf_changed":false,"footnotes":""},"categories":[1],"tags":[],"class_list":["post-4621","post","type-post","status-publish","format-standard","has-post-thumbnail","hentry","category-sin-categoria"],"acf":{"ser_id":"SVXGSYI3KVGP5N76XJQLJHGGGI","ser_url":"https:\/\/cadenaser.com\/comunitat-valenciana\/2024\/05\/01\/las-kellys-lamentan-que-no-se-convoquen-las-mesas-de-trabajo-para-calcular-la-carga-que-pueden-soportar-radio-alicante\/"},"_links":{"self":[{"href":"https:\/\/serbenidorm.daliisolutions.com\/index.php\/wp-json\/wp\/v2\/posts\/4621","targetHints":{"allow":["GET"]}}],"collection":[{"href":"https:\/\/serbenidorm.daliisolutions.com\/index.php\/wp-json\/wp\/v2\/posts"}],"about":[{"href":"https:\/\/serbenidorm.daliisolutions.com\/index.php\/wp-json\/wp\/v2\/types\/post"}],"replies":[{"embeddable":true,"href":"https:\/\/serbenidorm.daliisolutions.com\/index.php\/wp-json\/wp\/v2\/comments?post=4621"}],"version-history":[{"count":0,"href":"https:\/\/serbenidorm.daliisolutions.com\/index.php\/wp-json\/wp\/v2\/posts\/4621\/revisions"}],"wp:featuredmedia":[{"embeddable":true,"href":"https:\/\/serbenidorm.daliisolutions.com\/index.php\/wp-json\/wp\/v2\/media\/4622"}],"wp:attachment":[{"href":"https:\/\/serbenidorm.daliisolutions.com\/index.php\/wp-json\/wp\/v2\/media?parent=4621"}],"wp:term":[{"taxonomy":"category","embeddable":true,"href":"https:\/\/serbenidorm.daliisolutions.com\/index.php\/wp-json\/wp\/v2\/categories?post=4621"},{"taxonomy":"post_tag","embeddable":true,"href":"https:\/\/serbenidorm.daliisolutions.com\/index.php\/wp-json\/wp\/v2\/tags?post=4621"}],"curies":[{"name":"wp","href":"https:\/\/api.w.org\/{rel}","templated":true}]}}