{"id":4623,"date":"2024-05-01T11:27:16","date_gmt":"2024-05-01T09:27:16","guid":{"rendered":"https:\/\/serbenidorm.daliisolutions.com\/index.php\/2024\/05\/01\/valencia-roza-el-lleno-en-el-puente-del-1-de-mayo-y-la-playa-estara-a-mas-del-80\/"},"modified":"2024-05-01T11:27:16","modified_gmt":"2024-05-01T09:27:16","slug":"valencia-roza-el-lleno-en-el-puente-del-1-de-mayo-y-la-playa-estara-a-mas-del-80","status":"publish","type":"post","link":"https:\/\/serbenidorm.daliisolutions.com\/index.php\/2024\/05\/01\/valencia-roza-el-lleno-en-el-puente-del-1-de-mayo-y-la-playa-estara-a-mas-del-80\/","title":{"rendered":"Val\u00e8ncia roza el lleno en el puente del 1 de mayo y la playa estar\u00e1 a m\u00e1s del 80%"},"content":{"rendered":"  <p>Val\u00e8ncia<\/p>   <p>El 1 de mayo, d\u00eda de los Trabajadores, es festivo en la Comunitat Valenciana, que se va a beneficiar desde el punto de vista de la ocupaci\u00f3n hotelera del puente que s\u00ed tienen otras comunidades aut\u00f3nomas como la de Madrid, con el 2 de mayo festivo y el 3 no lectivo. Un puente en el que el destino Comunitat vuelve a ser atractivo para los turistas de Madrid, con la ciudad destacando por encima de la  playa en previsiones de ocupaci\u00f3n.<\/p>   <p>Seg\u00fan la patronal hotelera Hosbec, los hoteles de la ciudad de Val\u00e8ncia tienen reservadas ya un 90-95% de las plazas disponibles, casi rozando el lleno, algo que sobre todo desde Hosbec explican en la buena previsi\u00f3n meteorol\u00f3gica y en el triunfo del turismo urbano. Adem\u00e1s, reina el sol y playa, como es habitual entre estos turistas, con destinos como Gandia al 85% y Benidorm al 82%. <\/p>   <p>El interior de la Comunitat, por su parte, tiene buenas previsiones en algunos puntos, con m\u00e1ximos del 73-75%, seg\u00fan la secretaria general de Hosbec, Mayte Garc\u00eda. Pero sobre todo en la costa y en la capital, no solo se prev\u00e9 buen tiempo sino tambi\u00e9n mucha oferta de ocio complementaria.<\/p>  <p><p class=\"tit\"><span>Mayte Garc\u00eda (Hosbec): \u00abLos destinos de sol y playa tienen una l\u00f3gica preferencia para estos d\u00edas\u00bb<\/span><\/p> <p class=\"emb\"><iframe loading=\"lazy\" src=\"https:\/\/cadenaser.com\/embed\/audio\/460\/1714549453690\/\" width=\"100%\" height=\"360\" frameborder=\"0\" allowfullscreen><\/iframe><\/p><\/p>   <p>Asegura Mayte Garc\u00eda que es una forma de compensar una semana santa con datos que no fueron malos, pero tampoco excepcionales, aunque la Comunitat Valenciana fue una de las menos afectadas por las malas previsiones meteorol\u00f3gicas.<\/p>  <p><p class=\"tit\"><span>Mayte Garc\u00eda (Hosbec): \u00abEn Semana Santa hubo buenos resultados pero pillaba con toda la oferta abierta en 4 d\u00edas y hay distribuci\u00f3n de preferencias\u00bb<\/span><\/p> <p class=\"emb\"><iframe loading=\"lazy\" src=\"https:\/\/cadenaser.com\/embed\/audio\/460\/1714549511748\/\" width=\"100%\" height=\"360\" frameborder=\"0\" allowfullscreen><\/iframe><\/p><\/p>   <p><p><strong>Recibe nuestras noticias en tu m\u00f3vil<\/strong><br \/>Activa la campanita y no te pierdas nada de la actualidad informativa<\/p><a href=\"https:\/\/whatsapp.com\/channel\/0029VaHjyqSFHWq2Q3iHB33R\" title=\"Suscr\u00edbete\">Suscr\u00edbete al Canal de Whatsapp de Radio Valencia<\/a><\/p>   <p><p><strong>Sigue el canal de la SER en WhatsApp<\/strong><br \/>Encontrar\u00e1s toda la informaci\u00f3n, el deporte y el entretenimiento: la actualidad del d\u00eda y las noticias de \u00faltima hora, los mejores v\u00eddeos y momentos de la radio, entrevistas, reportajes y mucho m\u00e1s.<\/p><a href=\"https:\/\/www.whatsapp.com\/channel\/0029Va633PF9WtC4l7XUzh1e\" title=\"Suscr\u00edbete\">Suscr\u00edbete ahora<\/a><\/p> ","protected":false},"excerpt":{"rendered":"<p>El 1 de mayo, d\u00eda el trabajo, es festivo en la Comunitat Valenciana, que se va a beneficiar desde el punto de vista de la ocupaci\u00f3n hotelera del puente que s\u00ed tienen otras comunidades aut\u00f3nomas como la de Madrid, con el 2 de mayo festivo y el 3 no lectivo<\/p>\n","protected":false},"author":0,"featured_media":4624,"comment_status":"open","ping_status":"open","sticky":false,"template":"","format":"standard","meta":{"_acf_changed":false,"footnotes":""},"categories":[1],"tags":[],"class_list":["post-4623","post","type-post","status-publish","format-standard","has-post-thumbnail","hentry","category-sin-categoria"],"acf":{"ser_id":"5N6NXHLE3RHBVDYYYUXIITLO5M","ser_url":"https:\/\/cadenaser.com\/comunitat-valenciana\/2024\/05\/01\/valencia-roza-el-lleno-en-el-puente-del-1-de-mayo-y-la-playa-estara-a-mas-del-80-radio-valencia\/"},"_links":{"self":[{"href":"https:\/\/serbenidorm.daliisolutions.com\/index.php\/wp-json\/wp\/v2\/posts\/4623","targetHints":{"allow":["GET"]}}],"collection":[{"href":"https:\/\/serbenidorm.daliisolutions.com\/index.php\/wp-json\/wp\/v2\/posts"}],"about":[{"href":"https:\/\/serbenidorm.daliisolutions.com\/index.php\/wp-json\/wp\/v2\/types\/post"}],"replies":[{"embeddable":true,"href":"https:\/\/serbenidorm.daliisolutions.com\/index.php\/wp-json\/wp\/v2\/comments?post=4623"}],"version-history":[{"count":0,"href":"https:\/\/serbenidorm.daliisolutions.com\/index.php\/wp-json\/wp\/v2\/posts\/4623\/revisions"}],"wp:featuredmedia":[{"embeddable":true,"href":"https:\/\/serbenidorm.daliisolutions.com\/index.php\/wp-json\/wp\/v2\/media\/4624"}],"wp:attachment":[{"href":"https:\/\/serbenidorm.daliisolutions.com\/index.php\/wp-json\/wp\/v2\/media?parent=4623"}],"wp:term":[{"taxonomy":"category","embeddable":true,"href":"https:\/\/serbenidorm.daliisolutions.com\/index.php\/wp-json\/wp\/v2\/categories?post=4623"},{"taxonomy":"post_tag","embeddable":true,"href":"https:\/\/serbenidorm.daliisolutions.com\/index.php\/wp-json\/wp\/v2\/tags?post=4623"}],"curies":[{"name":"wp","href":"https:\/\/api.w.org\/{rel}","templated":true}]}}