{"id":4642,"date":"2024-05-02T09:19:51","date_gmt":"2024-05-02T07:19:51","guid":{"rendered":"https:\/\/serbenidorm.daliisolutions.com\/index.php\/2024\/05\/02\/santi-barcelo-dira-adios-a-su-etapa-en-el-tm-benidorm\/"},"modified":"2024-05-02T09:19:51","modified_gmt":"2024-05-02T07:19:51","slug":"santi-barcelo-dira-adios-a-su-etapa-en-el-tm-benidorm","status":"publish","type":"post","link":"https:\/\/serbenidorm.daliisolutions.com\/index.php\/2024\/05\/02\/santi-barcelo-dira-adios-a-su-etapa-en-el-tm-benidorm\/","title":{"rendered":"Santi Barcel\u00f3 dir\u00e1 adi\u00f3s a su etapa en el TM Benidorm"},"content":{"rendered":"  <p>Benidorm<\/p>   <p>Tres a\u00f1os despu\u00e9s de recalar en el <a href=\"https:\/\/cadenaser.com\/tag\/club_balonmano_benidorm\/a\/\" target=\"_blank\" rel=\"noopener\">Club Balonmano Benidorm<\/a> como parte del equipo de Primera Nacional, el argentino Santi Barcel\u00f3 y la entidad del Palau d\u2019Esports l\u2019Illa de Benidorm han anunciado que pondr\u00e1n punto y final a su relaci\u00f3n al finalizar la presente temporada.<\/p>   <p>Durante los tres a\u00f1os que ha formado parte de la entidad benidormense, Barcel\u00f3 ha dado un enorme salto de calidad que comenz\u00f3 a comprobarse ya en su primera campa\u00f1a en el club, en la que lleg\u00f3 a disputar hasta 16 partidos con el primer equipo.<\/p>  <p><p>M\u00e1s informaci\u00f3n<\/p><figure><img decoding=\"async\" src=\"https:\/\/cadenaser.com\/resizer\/FvZRnE5yP6ctd6x36gSwjl0TXk4=\/650x366\/filters:quality(70)\/cloudfront-eu-central-1.images.arcpublishing.com\/prisaradio\/OAKMBNI4ZFETHMSLQCGXLEMVPA.jpg\" loading=\"lazy\" width=\"828\" height=\"621\" \/><\/figure><ul><li><a href=\"https:\/\/cadenaser.com\/comunitat-valenciana\/2024\/04\/03\/esta-sera-la-plantilla-del-tm-benidorm-para-la-temporada-2024-2025-radio-benidorm\/\">Esta ser\u00e1 la plantilla del TM Benidorm para la temporada 2024-2025<\/a><\/li><\/ul><\/p>   <p>Fue en la temporada 2022\/2023 cuando el entonces entrenador del <a href=\"https:\/\/cadenaser.com\/tag\/club_balonmano_benidorm\/a\/\" target=\"_blank\" rel=\"noopener\">TM Benidorm<\/a>, Fernando Latorre, le dio la oportunidad de dar el salto definitivo al primer equipo, convirti\u00e9ndose muy pronto en una de las figuras m\u00e1s destacadas del mismo anotando hasta 45 goles en 30 partidos y destacando por su aportaci\u00f3n defensiva.<\/p>   <p>En la presente temporada, el albiceleste J\u00fanior no ha podido contar con la continuidad que hubiera deseado debido a las lesiones, pero s\u00ed que ha sido fundamental en aquellos choques en los que las molestias f\u00edsicas le han permitido rendir al m\u00e1ximo de su potencial.<\/p>   <p>Aunque todav\u00eda no se ha hecho oficial, el pr\u00f3ximo destino de Santi Barcel\u00f3 ser\u00e1 el Balonmano Cuenca, uno de los rivales hist\u00f3ricos del TM Benidorm en la <a href=\"https:\/\/cadenaser.com\/tag\/liga_asobal\/a\/\" target=\"_blank\" rel=\"noopener\">Liga Asobal<\/a>.<\/p>   <p><p><strong>Sigue el canal de la SER en WhatsApp<\/strong><br \/>Encontrar\u00e1s toda la informaci\u00f3n, el deporte y el entretenimiento: la actualidad del d\u00eda y las noticias de \u00faltima hora, los mejores v\u00eddeos y momentos de la radio, entrevistas, reportajes y mucho m\u00e1s.<\/p><a href=\"https:\/\/www.whatsapp.com\/channel\/0029Va633PF9WtC4l7XUzh1e\" title=\"Suscr\u00edbete\">Suscr\u00edbete ahora<\/a><\/p> ","protected":false},"excerpt":{"rendered":"<p>El internacional argentino lleg\u00f3 hace tres a\u00f1os al equipo del Palau d\u2019Esports<\/p>\n","protected":false},"author":0,"featured_media":4643,"comment_status":"open","ping_status":"open","sticky":false,"template":"","format":"standard","meta":{"_acf_changed":false,"footnotes":""},"categories":[16],"tags":[],"class_list":["post-4642","post","type-post","status-publish","format-standard","has-post-thumbnail","hentry","category-deportes"],"acf":{"ser_id":"ALZGFPFGCNE2ZFFUKVHZ3VMGJA","ser_url":"https:\/\/cadenaser.com\/comunitat-valenciana\/2024\/05\/02\/santi-barcelo-dira-adios-a-su-etapa-en-el-tm-benidorm-radio-benidorm\/"},"_links":{"self":[{"href":"https:\/\/serbenidorm.daliisolutions.com\/index.php\/wp-json\/wp\/v2\/posts\/4642","targetHints":{"allow":["GET"]}}],"collection":[{"href":"https:\/\/serbenidorm.daliisolutions.com\/index.php\/wp-json\/wp\/v2\/posts"}],"about":[{"href":"https:\/\/serbenidorm.daliisolutions.com\/index.php\/wp-json\/wp\/v2\/types\/post"}],"replies":[{"embeddable":true,"href":"https:\/\/serbenidorm.daliisolutions.com\/index.php\/wp-json\/wp\/v2\/comments?post=4642"}],"version-history":[{"count":0,"href":"https:\/\/serbenidorm.daliisolutions.com\/index.php\/wp-json\/wp\/v2\/posts\/4642\/revisions"}],"wp:featuredmedia":[{"embeddable":true,"href":"https:\/\/serbenidorm.daliisolutions.com\/index.php\/wp-json\/wp\/v2\/media\/4643"}],"wp:attachment":[{"href":"https:\/\/serbenidorm.daliisolutions.com\/index.php\/wp-json\/wp\/v2\/media?parent=4642"}],"wp:term":[{"taxonomy":"category","embeddable":true,"href":"https:\/\/serbenidorm.daliisolutions.com\/index.php\/wp-json\/wp\/v2\/categories?post=4642"},{"taxonomy":"post_tag","embeddable":true,"href":"https:\/\/serbenidorm.daliisolutions.com\/index.php\/wp-json\/wp\/v2\/tags?post=4642"}],"curies":[{"name":"wp","href":"https:\/\/api.w.org\/{rel}","templated":true}]}}