{"id":4654,"date":"2024-05-02T11:00:09","date_gmt":"2024-05-02T09:00:09","guid":{"rendered":"https:\/\/serbenidorm.daliisolutions.com\/index.php\/2024\/05\/02\/cae-una-banda-ucraniana-que-asaltaba-chales-de-lujo-en-la-marina-baixa\/"},"modified":"2024-05-02T11:00:09","modified_gmt":"2024-05-02T09:00:09","slug":"cae-una-banda-ucraniana-que-asaltaba-chales-de-lujo-en-la-marina-baixa","status":"publish","type":"post","link":"https:\/\/serbenidorm.daliisolutions.com\/index.php\/2024\/05\/02\/cae-una-banda-ucraniana-que-asaltaba-chales-de-lujo-en-la-marina-baixa\/","title":{"rendered":"Cae una banda ucraniana que asaltaba chal\u00e9s de lujo en la Marina Baixa"},"content":{"rendered":"  <p>Benidorm<\/p>   <p>La Guardia Civil ha detenido a nueve supuestos miembros de una banda, ocho de ellos ucranianos y uno polaco, que asaltaba con \u00abgran violencia\u00bb chal\u00e9s de lujo en la comarca alicantina de la Marina Baixa de ciudadanos rusos, <a href=\"https:\/\/cadenaser.com\/tag\/comarca_la_marina_baixa\/a\/\" target=\"_blank\" rel=\"noopener\">empleando r\u00e9plicas de armas de fuego y pistolas el\u00e9ctricas incapacitantes y extensibles con las que intimidaban y causaban lesiones de consideraci\u00f3n a sus v\u00edctimas<\/a>. <\/p>   <p>A uno de los arrestados le consta, entre otros antecedentes, un homicidio cometido en 2018 en Ucrania, seg\u00fan han informado este jueves fuentes del instituto armado.<\/p>  <p><p>M\u00e1s informaci\u00f3n<\/p><figure><img decoding=\"async\" src=\"https:\/\/cadenaser.com\/resizer\/pcEGoOhuyqSDSOWUl0jLRut8aDI=\/650x366\/filters:quality(70)\/cloudfront-eu-central-1.images.arcpublishing.com\/prisaradio\/DMLM63JBMFCWRMTY4EESQVLJBU.jpeg\" loading=\"lazy\" width=\"828\" height=\"621\" \/><\/figure><ul><li><a href=\"https:\/\/cadenaser.com\/comunitat-valenciana\/2024\/04\/23\/los-vecinos-de-una-urbanizacion-de-polop-denuncian-reiterados-cortes-de-luz-durante-la-ultima-semana-radio-benidorm\/\">Los vecinos de una urbanizaci\u00f3n de Polop denuncian reiterados cortes de luz durante la \u00faltima semana<\/a><\/li><\/ul><\/p>   <p>En el transcurso de la operaci\u00f3n, los agentes comprobaron que la organizaci\u00f3n hab\u00eda detenido de forma ilegal e intentado matar a uno de sus integrantes, al que atribu\u00edan \u201chaber traicionado al l\u00edder\u201d, han se\u00f1alado las mismas fuentes.<\/p>   <p>En el operativo, la Guardia Civil ha recuperado 22.000 euros en efectivo, seis relojes valorados entre 200.000 y 400.000 euros, joyas y varios dispositivos digitales. Tambi\u00e9n ha intervenido once veh\u00edculos a motor de alta gama (cinco turismos y seis motocicletas) utilizados por la organizaci\u00f3n para sus propios desplazamientos y cometer los robos.<\/p>   <p>Adem\u00e1s, han sido aprehendidos tres drones, 28 r\u00e9plicas de armas de fuego cortas y de guerra, una pistola el\u00e9ctrica incapacitante y una defensa extensible.<\/p>   <p>La investigaci\u00f3n se inici\u00f3 en agosto pasado cuando la Guardia Civil tuvo conocimiento de un grupo criminal de Europa del Este asentado en la provincia de Alicante y dedicado a cometer robos violentos en domicilios de lujo en la Marina Baixa, en los que hab\u00eda causado lesiones de consideraci\u00f3n a los moradores de las viviendas asaltadas, que eran ciudadanos rusos. <\/p>   <p>Los supuestos autores contaban con numerosos antecedentes por delitos similares en su pa\u00eds de origen, adem\u00e1s de tr\u00e1fico de drogas. Incluso, a uno de los principales colaboradores del l\u00edder le constaba un delito de asesinato perpetrado en Ucrania en 2018 dentro de las actividades realizadas en la organizaci\u00f3n de la que era miembro.<\/p>   <p>Seg\u00fan la Guardia Civil, los componentes de la banda resid\u00edan en las localidades de Alicante, Calpe, Finestrat y La Nuc\u00eda. Asimismo, en Alicante dispon\u00edan de varios locales comerciales, talleres y un sal\u00f3n de juegos online usados para el blanqueo del capital procedente de la actividad criminal.<\/p>   <p>El cabecilla<\/p>   <p>El supuesto cabecilla, un hombre de 28 a\u00f1os y nacionalidad ucraniana, resid\u00eda en Finestrat, llevaba un alto nivel de vida en Espa\u00f1a y se desplazaba en veh\u00edculos de alta gama acompa\u00f1ado de una comitiva que hac\u00eda las funciones de seguridad personal. <\/p>   <p>Esta persona viajaba constantemente, se hospedaba en hoteles de lujo de la provincia y viv\u00eda en un chal\u00e9 propio en la citada localidad alicantina, con vigilancia personal permanente y con un circuito de c\u00e1maras de \u00faltima tecnolog\u00eda y lectores de placa de matr\u00edcula a la entrada al recinto.<\/p>   <p>Durante el registro, los agentes localizaron una sala de control donde los \u201cvigilantes\u201d analizaban todos estos datos captados por los dispositivos habilitados.<\/p>   <p>El instituto armado tambi\u00e9n registr\u00f3 cinco domicilios en Alicante, Calpe, Finestrat y La Nuc\u00eda, y tres locales comerciales en la capital alicantina. De estos comercios, dos de ellos eran presuntos talleres mec\u00e1nicos y el tercero, un sal\u00f3n de videojuegos ubicado en el centro de la ciudad de Alicante con una insignificante actividad comercial.<\/p>   <p>A los detenidos se les imputan los delitos de robos con violencia e intimidaci\u00f3n, lesiones, tenencia il\u00edcita de armas y pertenencia a organizaci\u00f3n criminal, adem\u00e1s de detenci\u00f3n ilegal y tentativa de homicidio a uno de ellos.<\/p>   <p>La operaci\u00f3n, dirigida por el Juzgado de Instrucci\u00f3n n\u00famero 1 de Benidorm, ha sido desarrollada por el Equipo de Patrimonio de la Unidad Org\u00e1nica de Polic\u00eda Judicial y el Grupo de Informaci\u00f3n de la Guardia Civil de Alicante. <\/p> ","protected":false},"excerpt":{"rendered":"<p>Atracos violentos en viviendas de ciudadanos rusos<\/p>\n","protected":false},"author":0,"featured_media":4655,"comment_status":"open","ping_status":"open","sticky":false,"template":"","format":"standard","meta":{"_acf_changed":false,"footnotes":""},"categories":[1],"tags":[],"class_list":["post-4654","post","type-post","status-publish","format-standard","has-post-thumbnail","hentry","category-sin-categoria"],"acf":{"ser_id":"RQNEHV4WKNAFFDKAFTLR3ZO7EM","ser_url":"https:\/\/cadenaser.com\/comunitat-valenciana\/2024\/05\/02\/cae-una-banda-ucraniana-que-asaltaba-chales-de-lujo-en-la-marina-baixa-radio-benidorm\/"},"_links":{"self":[{"href":"https:\/\/serbenidorm.daliisolutions.com\/index.php\/wp-json\/wp\/v2\/posts\/4654","targetHints":{"allow":["GET"]}}],"collection":[{"href":"https:\/\/serbenidorm.daliisolutions.com\/index.php\/wp-json\/wp\/v2\/posts"}],"about":[{"href":"https:\/\/serbenidorm.daliisolutions.com\/index.php\/wp-json\/wp\/v2\/types\/post"}],"replies":[{"embeddable":true,"href":"https:\/\/serbenidorm.daliisolutions.com\/index.php\/wp-json\/wp\/v2\/comments?post=4654"}],"version-history":[{"count":0,"href":"https:\/\/serbenidorm.daliisolutions.com\/index.php\/wp-json\/wp\/v2\/posts\/4654\/revisions"}],"wp:featuredmedia":[{"embeddable":true,"href":"https:\/\/serbenidorm.daliisolutions.com\/index.php\/wp-json\/wp\/v2\/media\/4655"}],"wp:attachment":[{"href":"https:\/\/serbenidorm.daliisolutions.com\/index.php\/wp-json\/wp\/v2\/media?parent=4654"}],"wp:term":[{"taxonomy":"category","embeddable":true,"href":"https:\/\/serbenidorm.daliisolutions.com\/index.php\/wp-json\/wp\/v2\/categories?post=4654"},{"taxonomy":"post_tag","embeddable":true,"href":"https:\/\/serbenidorm.daliisolutions.com\/index.php\/wp-json\/wp\/v2\/tags?post=4654"}],"curies":[{"name":"wp","href":"https:\/\/api.w.org\/{rel}","templated":true}]}}