{"id":4656,"date":"2024-05-02T11:54:08","date_gmt":"2024-05-02T09:54:08","guid":{"rendered":"https:\/\/serbenidorm.daliisolutions.com\/index.php\/2024\/05\/02\/benidorm-celebra-su-primera-gala-en-solidaridad-con-benin\/"},"modified":"2024-05-02T11:54:08","modified_gmt":"2024-05-02T09:54:08","slug":"benidorm-celebra-su-primera-gala-en-solidaridad-con-benin","status":"publish","type":"post","link":"https:\/\/serbenidorm.daliisolutions.com\/index.php\/2024\/05\/02\/benidorm-celebra-su-primera-gala-en-solidaridad-con-benin\/","title":{"rendered":"Benidorm celebra su primera gala en solidaridad con Ben\u00edn"},"content":{"rendered":"  <p>Benidorm<\/p>   <p>Benidorm va a acoger la primera Gala Solidaria en beneficio de los ni\u00f1os de Ben\u00edn el pr\u00f3ximo s\u00e1bado 1 de junio en el hotel Meli\u00e1. Un evento que cuenta con el sello de <a href=\"https:\/\/cadenaser.com\/tag\/benidorm\/a\/\" target=\"_blank\" rel=\"noopener\">Mensajeros de la Paz y su fundador, el carism\u00e1tico Padre \u00c1ngel<\/a>.<\/p>  <p><figure><img decoding=\"async\" src=\"https:\/\/cadenaser.com\/resizer\/eL8Y0IDRpo-8UgPZK9tSF1-S2g4=\/650x366\/filters:quality(70)\/cloudfront-eu-central-1.images.arcpublishing.com\/prisaradio\/CYYPBLHVBBMKHK5A35RDDEJBJU.jpg\" loading=\"lazy\" width=\"240\" height=\"135\" \/><\/figure><div><a href=\"https:\/\/cadenaser.com\/programa\/2018\/02\/06\/hora_25\/1517946486_071564.html\">Documentales Hora 25 | Ben\u00edn, un mercado de ni\u00f1os | <\/a><p><\/p><\/div><\/p>   <p>Para aquellos que desean apoyar la causa pero no pueden asistir, la organizaci\u00f3n ofrece la opci\u00f3n de comprar entradas en la FILA 0. Cada ticket tiene un valor de 60 euros y promete \u00abser una inversi\u00f3n en la infancia y el futuro\u00bb.<\/p>   <p>As\u00ed ser\u00e1 la gala<\/p>   <p><li>20:00 h. Recibimiento y c\u00f3ctel de bienvenida en los jardines del hotel.<br \/> <\/li><li>21:00 h. Cena y discursos<br \/> <\/li><li>23:00 h. Sorteo de regalos, rifa y una subasta ben\u00e9fica<br \/> <\/li><li>23:45 h. Espect\u00e1culos en vivo<\/li><\/p>   <p>Las plazas son limitadas y los pagos pueden realizarse v\u00eda transferencia bancaria al n\u00famero ES31 0049 5104 1129 16070906, indicando los datos personales. Para confirmar la asistencia o obtener m\u00e1s informaci\u00f3n se puede contactar en el tel\u00e9fono 601 92 65 66 o enviar un correo a <a href=\"mailto:galabeninmb@gmail.com\" rel=\"nofollow\"><u>galabeninmb@gmail.com<\/u><\/a>.<\/p> ","protected":false},"excerpt":{"rendered":"<p>Uno de los principales problemas a los que hace frente este pa\u00eds africano es su elevada tasa de menores de edad trabajadores, esclavizados o v\u00edctimas de trata infantil<\/p>\n","protected":false},"author":0,"featured_media":4657,"comment_status":"open","ping_status":"open","sticky":false,"template":"","format":"standard","meta":{"_acf_changed":false,"footnotes":""},"categories":[1],"tags":[],"class_list":["post-4656","post","type-post","status-publish","format-standard","has-post-thumbnail","hentry","category-sin-categoria"],"acf":{"ser_id":"OF2UUTUXDZHMZLPA5CC5HCQJUQ","ser_url":"https:\/\/cadenaser.com\/comunitat-valenciana\/2024\/05\/02\/benidorm-celebra-su-primera-gala-en-solidaridad-con-benin-radio-benidorm\/"},"_links":{"self":[{"href":"https:\/\/serbenidorm.daliisolutions.com\/index.php\/wp-json\/wp\/v2\/posts\/4656","targetHints":{"allow":["GET"]}}],"collection":[{"href":"https:\/\/serbenidorm.daliisolutions.com\/index.php\/wp-json\/wp\/v2\/posts"}],"about":[{"href":"https:\/\/serbenidorm.daliisolutions.com\/index.php\/wp-json\/wp\/v2\/types\/post"}],"replies":[{"embeddable":true,"href":"https:\/\/serbenidorm.daliisolutions.com\/index.php\/wp-json\/wp\/v2\/comments?post=4656"}],"version-history":[{"count":0,"href":"https:\/\/serbenidorm.daliisolutions.com\/index.php\/wp-json\/wp\/v2\/posts\/4656\/revisions"}],"wp:featuredmedia":[{"embeddable":true,"href":"https:\/\/serbenidorm.daliisolutions.com\/index.php\/wp-json\/wp\/v2\/media\/4657"}],"wp:attachment":[{"href":"https:\/\/serbenidorm.daliisolutions.com\/index.php\/wp-json\/wp\/v2\/media?parent=4656"}],"wp:term":[{"taxonomy":"category","embeddable":true,"href":"https:\/\/serbenidorm.daliisolutions.com\/index.php\/wp-json\/wp\/v2\/categories?post=4656"},{"taxonomy":"post_tag","embeddable":true,"href":"https:\/\/serbenidorm.daliisolutions.com\/index.php\/wp-json\/wp\/v2\/tags?post=4656"}],"curies":[{"name":"wp","href":"https:\/\/api.w.org\/{rel}","templated":true}]}}