{"id":4658,"date":"2024-05-02T11:54:09","date_gmt":"2024-05-02T09:54:09","guid":{"rendered":"https:\/\/serbenidorm.daliisolutions.com\/index.php\/2024\/05\/02\/jorge-anane-no-seguira-en-el-club-voleibol-playas-de-benidorm\/"},"modified":"2024-05-02T11:54:09","modified_gmt":"2024-05-02T09:54:09","slug":"jorge-anane-no-seguira-en-el-club-voleibol-playas-de-benidorm","status":"publish","type":"post","link":"https:\/\/serbenidorm.daliisolutions.com\/index.php\/2024\/05\/02\/jorge-anane-no-seguira-en-el-club-voleibol-playas-de-benidorm\/","title":{"rendered":"Jorge Anane no seguir\u00e1 en el Club Voleibol Playas de Benidorm"},"content":{"rendered":"  <p>Benidorm<\/p>   <p>El <a href=\"https:\/\/cadenaser.com\/tag\/club_voleibol_playas_benidorm\/a\/\" target=\"_blank\" rel=\"noopener\">Club Voleibol Playas de Benidorm<\/a> ha comunicado este jueves que el central ghan\u00e9s Jorge Anane no seguir\u00e1 formando parte del Servigroup Benidorm de Superliga 2 masculina la pr\u00f3xima temporada. Procedente del Arenal Emev\u00e9, Anane se hab\u00eda convertido esta reci\u00e9n terminada campa\u00f1a en una de las grandes referencias en el bloqueo del equipo entrenado por Adriano Lamb, con el que ha disputado la totalidad de partidos correspondientes a la Superliga 2.<\/p>   <p>As\u00ed, el ya exjugador del <a href=\"https:\/\/cadenaser.com\/tag\/club_voleibol_playas_benidorm\/a\/\" target=\"_blank\" rel=\"noopener\">Club Voleibol Playas de Benidorm<\/a> ha disputado un total de 88 sets que le han servido para erigirse como el segundo m\u00e1ximo anotador del equipo con 181 tantos de ataque, 62 puntos de bloqueo y cinco de saque.<\/p>   <p><p><strong>Sigue el canal de la SER en WhatsApp<\/strong><br \/>Encontrar\u00e1s toda la informaci\u00f3n, el deporte y el entretenimiento: la actualidad del d\u00eda y las noticias de \u00faltima hora, los mejores v\u00eddeos y momentos de la radio, entrevistas, reportajes y mucho m\u00e1s.<\/p><a href=\"https:\/\/www.whatsapp.com\/channel\/0029Va633PF9WtC4l7XUzh1e\" title=\"Suscr\u00edbete\">Suscr\u00edbete ahora<\/a><\/p> ","protected":false},"excerpt":{"rendered":"<p>El central ha disputado la totalidad de los partidos de la reci\u00e9n terminada temporada<\/p>\n","protected":false},"author":0,"featured_media":4659,"comment_status":"open","ping_status":"open","sticky":false,"template":"","format":"standard","meta":{"_acf_changed":false,"footnotes":""},"categories":[16],"tags":[],"class_list":["post-4658","post","type-post","status-publish","format-standard","has-post-thumbnail","hentry","category-deportes"],"acf":{"ser_id":"HWOIDRS2VNARFCPACXMW2BWKHQ","ser_url":"https:\/\/cadenaser.com\/comunitat-valenciana\/2024\/05\/02\/jorge-anane-no-seguira-en-el-club-voleibol-playas-de-benidorm-radio-benidorm\/"},"_links":{"self":[{"href":"https:\/\/serbenidorm.daliisolutions.com\/index.php\/wp-json\/wp\/v2\/posts\/4658","targetHints":{"allow":["GET"]}}],"collection":[{"href":"https:\/\/serbenidorm.daliisolutions.com\/index.php\/wp-json\/wp\/v2\/posts"}],"about":[{"href":"https:\/\/serbenidorm.daliisolutions.com\/index.php\/wp-json\/wp\/v2\/types\/post"}],"replies":[{"embeddable":true,"href":"https:\/\/serbenidorm.daliisolutions.com\/index.php\/wp-json\/wp\/v2\/comments?post=4658"}],"version-history":[{"count":0,"href":"https:\/\/serbenidorm.daliisolutions.com\/index.php\/wp-json\/wp\/v2\/posts\/4658\/revisions"}],"wp:featuredmedia":[{"embeddable":true,"href":"https:\/\/serbenidorm.daliisolutions.com\/index.php\/wp-json\/wp\/v2\/media\/4659"}],"wp:attachment":[{"href":"https:\/\/serbenidorm.daliisolutions.com\/index.php\/wp-json\/wp\/v2\/media?parent=4658"}],"wp:term":[{"taxonomy":"category","embeddable":true,"href":"https:\/\/serbenidorm.daliisolutions.com\/index.php\/wp-json\/wp\/v2\/categories?post=4658"},{"taxonomy":"post_tag","embeddable":true,"href":"https:\/\/serbenidorm.daliisolutions.com\/index.php\/wp-json\/wp\/v2\/tags?post=4658"}],"curies":[{"name":"wp","href":"https:\/\/api.w.org\/{rel}","templated":true}]}}