{"id":4665,"date":"2024-05-02T14:03:16","date_gmt":"2024-05-02T12:03:16","guid":{"rendered":"https:\/\/serbenidorm.daliisolutions.com\/index.php\/2024\/05\/02\/el-cross-solidario-doble-amor-llega-a-su-quinta-edicion\/"},"modified":"2024-05-02T14:03:16","modified_gmt":"2024-05-02T12:03:16","slug":"el-cross-solidario-doble-amor-llega-a-su-quinta-edicion","status":"publish","type":"post","link":"https:\/\/serbenidorm.daliisolutions.com\/index.php\/2024\/05\/02\/el-cross-solidario-doble-amor-llega-a-su-quinta-edicion\/","title":{"rendered":"El Cross Solidario Doble Amor llega a su quinta edici\u00f3n"},"content":{"rendered":"  <p>Benidorm<\/p>   <p>El pr\u00f3ximo 12 de mayo se celebrar\u00e1 la quinta edici\u00f3n del Cross  Solidario Doble Amor, una prueba deportiva de algo m\u00e1s de cinco  kil\u00f3metros de distancia que se desarrollar\u00e1 en los terrenos del parque  El Moralet y cuya recaudaci\u00f3n se destinar\u00e1 de forma \u00edntegra al centro  ocupacional para su funcionamiento diario.<\/p>   <p>La presentaci\u00f3n de la carrera ha tenido lugar esta ma\u00f1ana en el hotel  Benidorm Plaza con presencia del alcalde Toni P\u00e9rez, el concejal de  Deportes, Javier Jord\u00e1; el presidente del Doble Amor, Jos\u00e9 Luis Calvo;  el presidente del Club Atletismo Benidorm, Manuel Pe\u00f1alver; y Jos\u00e9  Manuel L\u00f3pez, miembro de la directiva del Doble Amor y \u2018alma mater\u2019 de  la carrera.<\/p>   <p>Jos\u00e9 Luis Calvo ha explicado los tres objetivos que tiene la prueba  desde su nacimiento, que son \u201cdar visibilidad a la discapacidad  intelectual, ser una actividad deportiva que ayude al funcionamiento del  centro, ya que el 100% de la recaudaci\u00f3n se destina a ello, y devolver a  Benidorm una peque\u00f1a parte de lo mucho que la ciudad nos da\u201d. Por todo  ello, ha a\u00f1adido el presidente del Doble Amor \u201cesta prueba ten\u00eda que ser  algo diferente a lo que hab\u00eda y creo que lo estamos consiguiendo\u201d.<\/p>   <p>El Cross Solidario Doble Amor es una prueba \u201cque se va consolidando  con el tiempo\u00b7 ha apuntado Javier Jord\u00e1, que opinaba que \u201ctoda  aportaci\u00f3n es poca para lo que se merecen\u201d y animaba \u201ca que el d\u00eda 12  todos nos sumemos a esta causa\u201d.<\/p>   <p>El director t\u00e9cnico de la prueba, Manuel Pe\u00f1alver, ha aprovechado  para agradecer el apoyo del Ayuntamiento \u201cen toda la log\u00edstica que  conlleva organizar la carrera\u201d y ha precisado que se trata de una  distancia de cinco kil\u00f3metros \u201csencilla, f\u00e1cil y accesible para todos\u201d,  motivo por el que ha confiado en que \u201cla asistencia sea un \u00e9xito\u201d. La  inscripci\u00f3n ser\u00e1 gratuita para todos los participantes menores de 15  a\u00f1os.<\/p>   <p>Para el cross habr\u00e1 varias categor\u00edas en funci\u00f3n de la edad de los  participantes y tambi\u00e9n habr\u00e1 varias modalidades para asistir. As\u00ed,  adem\u00e1s de la carrera propiamente dicha, tambi\u00e9n habr\u00e1 prueba senderista y  de \u2018nordic walking\u2019. Las inscripciones pueden realizarse a trav\u00e9s de la  web <a href=\"http:\/\/www.grupobrotons.es\/\" rel=\"nofollow\">www.grupobrotons.es<\/a> al precio de doce euros.<\/p>   <p>Tambi\u00e9n se admitir\u00e1n inscripciones el d\u00eda de la carrera, si bien en  este caso el precio ser\u00e1 de 15 euros y solo podr\u00e1n hacerse hasta media  hora antes del inicio del cross.<br \/> Jos\u00e9 Manuel L\u00f3pez ha destacado por su parte que el cross \u201cya forma parte  del calendario deportivo de Benidorm\u201d y que el mismo \u201ccrece a\u00f1o a a\u00f1o  para convertirse en poco tiempo en una prueba de referencia en la  comarca\u201d. Los datos se\u00f1alan que en su primera edici\u00f3n, en 2017, se  inscribieron 250 participantes y la recaudaci\u00f3n fue de 3.700 euros y el  a\u00f1o pasado se superaron los 550 y la recaudaci\u00f3n fue de 5.500 euros.  Unas cifras que \u201cesperamos superar este a\u00f1o\u201d.<\/p>   <p>El acto lo ha cerrado el alcalde, que resaltaba que \u201cesta actividad  es mucho m\u00e1s que una carrera de campo a trav\u00e9s\u201d al tiempo que ha  agradecido \u201ca todos los que han ayudado y se han sumado a este cross,  que es tambi\u00e9n un punto de encuentro y convivencia y una jornada para  compartir\u201d. Toni P\u00e9rez ha animado e insistido a todos \u201ca que se apunten  ya para superar las cifras del a\u00f1o anterior, que demostrar\u00e1 que es una  prueba completamente consolidada\u201d.<\/p>   <p><p><strong>Sigue el canal de la SER en WhatsApp<\/strong><br \/>Encontrar\u00e1s toda la informaci\u00f3n, el deporte y el entretenimiento: la actualidad del d\u00eda y las noticias de \u00faltima hora, los mejores v\u00eddeos y momentos de la radio, entrevistas, reportajes y mucho m\u00e1s.<\/p><a href=\"https:\/\/www.whatsapp.com\/channel\/0029Va633PF9WtC4l7XUzh1e\" title=\"Suscr\u00edbete\">Suscr\u00edbete ahora<\/a><\/p> ","protected":false},"excerpt":{"rendered":"<p>Los organizadores conf\u00edan en seguir la tendencia de todos los a\u00f1os y superar los 550 participantes <\/p>\n","protected":false},"author":0,"featured_media":4666,"comment_status":"open","ping_status":"open","sticky":false,"template":"","format":"standard","meta":{"_acf_changed":false,"footnotes":""},"categories":[16],"tags":[],"class_list":["post-4665","post","type-post","status-publish","format-standard","has-post-thumbnail","hentry","category-deportes"],"acf":{"ser_id":"AA53ZFTDMVEVDA5ZFXUVSJWAVY","ser_url":"https:\/\/cadenaser.com\/comunitat-valenciana\/2024\/05\/02\/el-cross-solidario-doble-amor-llega-a-su-quinta-edicion-radio-benidorm\/"},"_links":{"self":[{"href":"https:\/\/serbenidorm.daliisolutions.com\/index.php\/wp-json\/wp\/v2\/posts\/4665","targetHints":{"allow":["GET"]}}],"collection":[{"href":"https:\/\/serbenidorm.daliisolutions.com\/index.php\/wp-json\/wp\/v2\/posts"}],"about":[{"href":"https:\/\/serbenidorm.daliisolutions.com\/index.php\/wp-json\/wp\/v2\/types\/post"}],"replies":[{"embeddable":true,"href":"https:\/\/serbenidorm.daliisolutions.com\/index.php\/wp-json\/wp\/v2\/comments?post=4665"}],"version-history":[{"count":0,"href":"https:\/\/serbenidorm.daliisolutions.com\/index.php\/wp-json\/wp\/v2\/posts\/4665\/revisions"}],"wp:featuredmedia":[{"embeddable":true,"href":"https:\/\/serbenidorm.daliisolutions.com\/index.php\/wp-json\/wp\/v2\/media\/4666"}],"wp:attachment":[{"href":"https:\/\/serbenidorm.daliisolutions.com\/index.php\/wp-json\/wp\/v2\/media?parent=4665"}],"wp:term":[{"taxonomy":"category","embeddable":true,"href":"https:\/\/serbenidorm.daliisolutions.com\/index.php\/wp-json\/wp\/v2\/categories?post=4665"},{"taxonomy":"post_tag","embeddable":true,"href":"https:\/\/serbenidorm.daliisolutions.com\/index.php\/wp-json\/wp\/v2\/tags?post=4665"}],"curies":[{"name":"wp","href":"https:\/\/api.w.org\/{rel}","templated":true}]}}