{"id":4689,"date":"2024-05-03T14:01:58","date_gmt":"2024-05-03T12:01:58","guid":{"rendered":"https:\/\/serbenidorm.daliisolutions.com\/index.php\/2024\/05\/03\/estas-son-las-principales-preocupaciones-sanitarias-en-la-vila-joiosa\/"},"modified":"2024-05-03T14:01:58","modified_gmt":"2024-05-03T12:01:58","slug":"estas-son-las-principales-preocupaciones-sanitarias-en-la-vila-joiosa","status":"publish","type":"post","link":"https:\/\/serbenidorm.daliisolutions.com\/index.php\/2024\/05\/03\/estas-son-las-principales-preocupaciones-sanitarias-en-la-vila-joiosa\/","title":{"rendered":"Estas son las principales preocupaciones sanitarias en La Vila Joiosa"},"content":{"rendered":"  <p>La Vila Joiosa<\/p>   <p><a href=\"https:\/\/cadenaser.com\/tag\/vila_joiosa\/a\/\" target=\"_blank\" rel=\"noopener\">Los problemas de salud mental y el abuso de consumo de sustancias t\u00f3xicas<\/a> son los principales problemas sanitarios que preocupan a los vecinos de La Vila Joiosa.<\/p>   <p>Estas principales preocupaciones se desprenden de las encuestas realizadas entre la poblaci\u00f3n por parte del equipo de enfermer\u00eda familiar y comunitaria del centro de salud L\u2019Alm\u00e0ssera de Tonda en colaboraci\u00f3n con la concejal\u00eda de Sanidad y la plataforma de atenci\u00f3n comunitaria en la Comunitat Valenciana, Xarxa Salut.<\/p>  <p><p>M\u00e1s informaci\u00f3n<\/p><figure><img decoding=\"async\" src=\"https:\/\/cadenaser.com\/resizer\/0_RA_bWqtJwP3ZN0JOf0qAFT6ow=\/650x366\/filters:quality(70)\/cloudfront-eu-central-1.images.arcpublishing.com\/prisaradio\/BBKTMIFZJNPMHD3SQNEFN565FQ.jpg\" loading=\"lazy\" width=\"828\" height=\"621\" \/><\/figure><ul><li><a href=\"https:\/\/cadenaser.com\/comunitat-valenciana\/2024\/04\/18\/agreden-a-una-guardia-civil-en-el-cuartel-de-la-la-vila-joiosa-y-un-responsable-de-la-policia-local-decide-desviar-la-ayuda-radio-benidorm\/\">Agreden a una guardia civil en el cuartel de La Vila Joiosa y un responsable de la Polic\u00eda Local desv\u00eda la ayuda<\/a><\/li><\/ul><\/p>   <p>Tras estos, el sobrepeso y la obesidad, la desigualdad social y el riesgo de pobreza y el aumento de enfermedades de transmisi\u00f3n sexual son las inquietudes prioritarias que incluye el diagn\u00f3stico elaborado con la participaci\u00f3n ciudadana.<\/p>   <p>\u00bfY ahora qu\u00e9?<\/p>   <p>Para ello, se han realizado encuestas online y offline en los centros de salud, farmacias, centros educativos. Ahora, con estos resultados, el equipo de enfermer\u00eda va a dise\u00f1ar las estrategias de atenci\u00f3n sanitaria espec\u00edficas para actuar de manera preventiva y eficaz sobre estos problemas de salud prioritarios.<\/p>   <p>La concejal de Sanidad, Maite S\u00e1nchez, agradece la colaboraci\u00f3n de la ciudadan\u00eda en este proceso de participaci\u00f3n ciudadana que ayuda a mejorar el sistema de atenci\u00f3n sanitaria y los procesos de prevenci\u00f3n.<\/p>   <p><p><strong>Sigue el canal de la SER en WhatsApp<\/strong><br \/>Encontrar\u00e1s toda la informaci\u00f3n, el deporte y el entretenimiento: la actualidad del d\u00eda y las noticias de \u00faltima hora, los mejores v\u00eddeos y momentos de la radio, entrevistas, reportajes y mucho m\u00e1s.<\/p><a href=\"https:\/\/www.whatsapp.com\/channel\/0029Va633PF9WtC4l7XUzh1e\" title=\"Suscr\u00edbete\">Suscr\u00edbete ahora<\/a><\/p> ","protected":false},"excerpt":{"rendered":"<p>Seg\u00fan un estudio del equipo del centro de salud L\u2019Alm\u00e0ssera de Tonda<\/p>\n","protected":false},"author":0,"featured_media":4690,"comment_status":"open","ping_status":"open","sticky":false,"template":"","format":"standard","meta":{"_acf_changed":false,"footnotes":""},"categories":[1],"tags":[],"class_list":["post-4689","post","type-post","status-publish","format-standard","has-post-thumbnail","hentry","category-sin-categoria"],"acf":{"ser_id":"VVSBPVMM7VBD3DW2SGGD66MHO4","ser_url":"https:\/\/cadenaser.com\/comunitat-valenciana\/2024\/05\/03\/estas-son-las-principales-preocupaciones-sanitarias-en-la-vila-joiosa-radio-benidorm\/"},"_links":{"self":[{"href":"https:\/\/serbenidorm.daliisolutions.com\/index.php\/wp-json\/wp\/v2\/posts\/4689","targetHints":{"allow":["GET"]}}],"collection":[{"href":"https:\/\/serbenidorm.daliisolutions.com\/index.php\/wp-json\/wp\/v2\/posts"}],"about":[{"href":"https:\/\/serbenidorm.daliisolutions.com\/index.php\/wp-json\/wp\/v2\/types\/post"}],"replies":[{"embeddable":true,"href":"https:\/\/serbenidorm.daliisolutions.com\/index.php\/wp-json\/wp\/v2\/comments?post=4689"}],"version-history":[{"count":0,"href":"https:\/\/serbenidorm.daliisolutions.com\/index.php\/wp-json\/wp\/v2\/posts\/4689\/revisions"}],"wp:featuredmedia":[{"embeddable":true,"href":"https:\/\/serbenidorm.daliisolutions.com\/index.php\/wp-json\/wp\/v2\/media\/4690"}],"wp:attachment":[{"href":"https:\/\/serbenidorm.daliisolutions.com\/index.php\/wp-json\/wp\/v2\/media?parent=4689"}],"wp:term":[{"taxonomy":"category","embeddable":true,"href":"https:\/\/serbenidorm.daliisolutions.com\/index.php\/wp-json\/wp\/v2\/categories?post=4689"},{"taxonomy":"post_tag","embeddable":true,"href":"https:\/\/serbenidorm.daliisolutions.com\/index.php\/wp-json\/wp\/v2\/tags?post=4689"}],"curies":[{"name":"wp","href":"https:\/\/api.w.org\/{rel}","templated":true}]}}