{"id":4691,"date":"2024-05-03T14:02:03","date_gmt":"2024-05-03T12:02:03","guid":{"rendered":"https:\/\/serbenidorm.daliisolutions.com\/index.php\/2024\/05\/03\/la-fiesta-solidaria-de-jaume-benaloy-este-sabado-en-la-ermita-de-sanz-de-benidorm\/"},"modified":"2024-05-03T14:02:03","modified_gmt":"2024-05-03T12:02:03","slug":"la-fiesta-solidaria-de-jaume-benaloy-este-sabado-en-la-ermita-de-sanz-de-benidorm","status":"publish","type":"post","link":"https:\/\/serbenidorm.daliisolutions.com\/index.php\/2024\/05\/03\/la-fiesta-solidaria-de-jaume-benaloy-este-sabado-en-la-ermita-de-sanz-de-benidorm\/","title":{"rendered":"La fiesta solidaria de Jaume Benaloy, este s\u00e1bado en la Ermita de Sanz de Benidorm"},"content":{"rendered":"  <p>Benidorm<\/p>   <p>La Ermita de Sanz mostrar\u00e1 este s\u00e1bado la cara m\u00e1s solidaria de Benidorm para celebrar una fiesta ben\u00e9fica organizada por el sacerdote Jaume Benaloy y que servir\u00e1 para recaudar fondos con los que desarrollar distintos proyectos en Chimbote, Per\u00fa, donde este cura benidormense ejerce como misionero desde hace ahora quince a\u00f1os. <\/p>   <p>Asimismo, <a href=\"https:\/\/cadenaser.com\/tag\/benidorm\/a\/\" target=\"_blank\" rel=\"noopener\">en este acto tambi\u00e9n se proceder\u00e1 a la entrega de la Medalla Corporativa que el Ayuntamiento concedi\u00f3 al cura el pasado diciembre, coincidiendo con el acto institucional del D\u00eda de la Constituci\u00f3n<\/a>, en reconocimiento a su entrega a los dem\u00e1s y su lucha por mejorar la calidad de vida de las personas y del medio ambiente.<\/p>   <p>Benaloy ha avanzado que los fondos recaudados se destinar\u00e1n a dos proyectos distintos. Por lo que se refiere al Asilo de Casma, el sacerdote ha explicado que se trata de una instituci\u00f3n que da amparo a un centenar de mayores abandonados y sin hogar con la que la Asociaci\u00f3n Benidorm-Chimbote (ASBECH) tiene desde su fundaci\u00f3n \u201cel compromiso de garantizar la leche y el pan de estas personas durante todo el a\u00f1o\u201d. <\/p>  <p><figure><img decoding=\"async\" src=\"https:\/\/cadenaser.com\/resizer\/shiXjFnDHj6YhmrQd1uZ57tfKDM=\/650x366\/filters:quality(70)\/cloudfront-eu-central-1.images.arcpublishing.com\/prisaradio\/Y3RPCTONLBAMTFPZW7VQ5ZMLLE.jpeg\" loading=\"lazy\" width=\"240\" height=\"135\" \/><\/figure><div><a href=\"https:\/\/cadenaser.com\/comunitat-valenciana\/2024\/05\/02\/benidorm-celebra-su-primera-gala-en-solidaridad-con-benin-radio-benidorm\/\">Benidorm celebra su primera gala en solidaridad con Ben\u00edn<\/a><p><\/p><\/div><\/p>   <p>El segundo programa al que se destinar\u00e1n los fondos recaudados ser\u00e1 el de C\u00e1ritas Juvenil de la parroquia de Santo Toribio, la parroquia de Chimbote que dirige el sacerdote y donde se va a desarrollar un proyecto de refuerzo escolar y de nutrici\u00f3n para ni\u00f1os y adolescentes: \u201cEste a\u00f1o hemos recuperado un comedor social que hab\u00eda en la parroquia pero que no se estaba utilizando y ahora, adem\u00e1s, vamos a construir una biblioteca que se llamar\u00e1 Biblioteca Virgen del Sufragio, para que la huella de Benidorm y de nuestra patrona permanezcan all\u00ed\u201d.<\/p>   <p>Programa<\/p>   <p>La fiesta solidaria comenzar\u00e1 a las 12.45 horas, con una misa de acci\u00f3n de gracias en la plaza de la Ermita de Sanz. Posteriormente, se llevar\u00e1 a cabo el acto de entrega de la Medalla Corporativa y, por \u00faltimo, se ofrecer\u00e1 una comida a todos los asistentes, cuya entrada tiene un precio de 25 euros. Tambi\u00e9n se puede colaborar mediante la \u2018fila 0\u2019 en el caso de las personas que no puedan asistir f\u00edsicamente pero que quieran aportar su granito de arena a ambos proyectos.<\/p>   <p><p><strong>Sigue el canal de la SER en WhatsApp<\/strong><br \/>Encontrar\u00e1s toda la informaci\u00f3n, el deporte y el entretenimiento: la actualidad del d\u00eda y las noticias de \u00faltima hora, los mejores v\u00eddeos y momentos de la radio, entrevistas, reportajes y mucho m\u00e1s.<\/p><a href=\"https:\/\/www.whatsapp.com\/channel\/0029Va633PF9WtC4l7XUzh1e\" title=\"Suscr\u00edbete\">Suscr\u00edbete ahora<\/a><\/p> ","protected":false},"excerpt":{"rendered":"<p>El dinero obtenido se destinar\u00e1 para ayudar a un asilo para mayores sin hogar y la construcci\u00f3n de la Biblioteca Virgen del Sufragio para ni\u00f1os y j\u00f3venes en Per\u00fa<\/p>\n","protected":false},"author":0,"featured_media":4692,"comment_status":"open","ping_status":"open","sticky":false,"template":"","format":"standard","meta":{"_acf_changed":false,"footnotes":""},"categories":[1],"tags":[],"class_list":["post-4691","post","type-post","status-publish","format-standard","has-post-thumbnail","hentry","category-sin-categoria"],"acf":{"ser_id":"IMJNWDTKCRACXB3GMLKSX5TWRE","ser_url":"https:\/\/cadenaser.com\/comunitat-valenciana\/2024\/05\/03\/la-fiesta-solidaria-de-jaume-benaloy-este-sabado-en-la-ermita-de-sanz-de-benidorm-radio-benidorm\/"},"_links":{"self":[{"href":"https:\/\/serbenidorm.daliisolutions.com\/index.php\/wp-json\/wp\/v2\/posts\/4691","targetHints":{"allow":["GET"]}}],"collection":[{"href":"https:\/\/serbenidorm.daliisolutions.com\/index.php\/wp-json\/wp\/v2\/posts"}],"about":[{"href":"https:\/\/serbenidorm.daliisolutions.com\/index.php\/wp-json\/wp\/v2\/types\/post"}],"replies":[{"embeddable":true,"href":"https:\/\/serbenidorm.daliisolutions.com\/index.php\/wp-json\/wp\/v2\/comments?post=4691"}],"version-history":[{"count":0,"href":"https:\/\/serbenidorm.daliisolutions.com\/index.php\/wp-json\/wp\/v2\/posts\/4691\/revisions"}],"wp:featuredmedia":[{"embeddable":true,"href":"https:\/\/serbenidorm.daliisolutions.com\/index.php\/wp-json\/wp\/v2\/media\/4692"}],"wp:attachment":[{"href":"https:\/\/serbenidorm.daliisolutions.com\/index.php\/wp-json\/wp\/v2\/media?parent=4691"}],"wp:term":[{"taxonomy":"category","embeddable":true,"href":"https:\/\/serbenidorm.daliisolutions.com\/index.php\/wp-json\/wp\/v2\/categories?post=4691"},{"taxonomy":"post_tag","embeddable":true,"href":"https:\/\/serbenidorm.daliisolutions.com\/index.php\/wp-json\/wp\/v2\/tags?post=4691"}],"curies":[{"name":"wp","href":"https:\/\/api.w.org\/{rel}","templated":true}]}}