{"id":4693,"date":"2024-05-03T14:02:04","date_gmt":"2024-05-03T12:02:04","guid":{"rendered":"https:\/\/serbenidorm.daliisolutions.com\/index.php\/2024\/05\/03\/el-guillermo-amor-se-viste-de-gala-para-recibir-a-un-c-f-benidorm-campeon\/"},"modified":"2024-05-03T14:02:04","modified_gmt":"2024-05-03T12:02:04","slug":"el-guillermo-amor-se-viste-de-gala-para-recibir-a-un-c-f-benidorm-campeon","status":"publish","type":"post","link":"https:\/\/serbenidorm.daliisolutions.com\/index.php\/2024\/05\/03\/el-guillermo-amor-se-viste-de-gala-para-recibir-a-un-c-f-benidorm-campeon\/","title":{"rendered":"El Guillermo Amor se viste de gala para recibir a un C.F. Benidorm campe\u00f3n"},"content":{"rendered":"  <p>Benidorm<\/p>   <p>Sin ninguna presi\u00f3n y con la \u00fanica premisa de disfrutar y hacer disfrutar a la afici\u00f3n, el <a href=\"https:\/\/cadenaser.com\/tag\/club_futbol_benidorm\/a\/\" target=\"_blank\" rel=\"noopener\">C.F. Benidorm<\/a> vuelve este domingo (12:00 horas) al estadio Guillermo Amor en el que ser\u00e1 su primer partido como local tras haber amarrado de manera matem\u00e1tica el campeonato del grupo sur de la Lliga Comunitat y, con \u00e9l, el ascenso a Tercera RFEF la pr\u00f3xima temporada.<\/p>   <p>Tal y como ha reconocido el entrenador benidormense, Miguel \u00c1ngel Mart\u00ednez, en SER Deportivos Marina Baixa, este partido intrascendente en t\u00e9rminos de clasificaci\u00f3n llega en el mejor momento posible para un equipo que presentar\u00e1 importantes bajas debidas a la acumulaci\u00f3n de amarillas y lesiones.<\/p>  <p><p>M\u00e1s informaci\u00f3n<\/p><figure><img decoding=\"async\" src=\"https:\/\/cadenaser.com\/resizer\/uUtz4ABTkO4rwBzLkRFzkMvoMp8=\/650x366\/filters:quality(70)\/cloudfront-eu-central-1.images.arcpublishing.com\/prisaradio\/ATDV43CUOBCW5J2HNKCKMRX2JY.jpg\" loading=\"lazy\" width=\"828\" height=\"621\" \/><\/figure><ul><li><a href=\"https:\/\/cadenaser.com\/tag\/club_futbol_benidorm\/a\/\">Todas las noticias del C.F. Benidorm<\/a><\/li><\/ul><\/p>   <p>Todo ello har\u00e1 que el enfrentamiento ante el Independiente de Alicante se convierta en un escenario propicio para que el <a href=\"https:\/\/cadenaser.com\/tag\/club_futbol_benidorm\/a\/\" target=\"_blank\" rel=\"noopener\">C.F. Benidorm<\/a> para poder ver disputar minutos con el primer equipo a los menos habituales e, incluso, a jugadores del filial.<\/p>   <p>Ahora, alcanzado el gran objetivo de la temporada, el C.F. Benidorm tratar\u00e1 de seguir con la buena racha de resultados y terminar la competici\u00f3n, adem\u00e1s, siendo el equipo menos goleado (21 tantos en contra ahora frente a los 23 del Ol\u00edmpic) y el m\u00e1s goleador (53 celebraciones ante las 45 de Crevillente Deportivo y Eldense B).<\/p>   <p><p><strong>Sigue el canal de la SER en WhatsApp<\/strong><br \/>Encontrar\u00e1s toda la informaci\u00f3n, el deporte y el entretenimiento: la actualidad del d\u00eda y las noticias de \u00faltima hora, los mejores v\u00eddeos y momentos de la radio, entrevistas, reportajes y mucho m\u00e1s.<\/p><a href=\"https:\/\/www.whatsapp.com\/channel\/0029Va633PF9WtC4l7XUzh1e\" title=\"Suscr\u00edbete\">Suscr\u00edbete ahora<\/a><\/p> ","protected":false},"excerpt":{"rendered":"<p>Los de Miguel \u00c1ngel Mart\u00ednez vuelven a su estadio tras amarrar matem\u00e1ticamente el ascenso a Tercera RFEF<\/p>\n","protected":false},"author":0,"featured_media":4694,"comment_status":"open","ping_status":"open","sticky":false,"template":"","format":"standard","meta":{"_acf_changed":false,"footnotes":""},"categories":[16],"tags":[],"class_list":["post-4693","post","type-post","status-publish","format-standard","has-post-thumbnail","hentry","category-deportes"],"acf":{"ser_id":"3B56ELFLLRC4DJLVITDT5CPUDI","ser_url":"https:\/\/cadenaser.com\/comunitat-valenciana\/2024\/05\/03\/el-guillermo-amor-se-viste-de-gala-para-recibir-a-un-cf-benidorm-campeon-radio-benidorm\/"},"_links":{"self":[{"href":"https:\/\/serbenidorm.daliisolutions.com\/index.php\/wp-json\/wp\/v2\/posts\/4693","targetHints":{"allow":["GET"]}}],"collection":[{"href":"https:\/\/serbenidorm.daliisolutions.com\/index.php\/wp-json\/wp\/v2\/posts"}],"about":[{"href":"https:\/\/serbenidorm.daliisolutions.com\/index.php\/wp-json\/wp\/v2\/types\/post"}],"replies":[{"embeddable":true,"href":"https:\/\/serbenidorm.daliisolutions.com\/index.php\/wp-json\/wp\/v2\/comments?post=4693"}],"version-history":[{"count":0,"href":"https:\/\/serbenidorm.daliisolutions.com\/index.php\/wp-json\/wp\/v2\/posts\/4693\/revisions"}],"wp:featuredmedia":[{"embeddable":true,"href":"https:\/\/serbenidorm.daliisolutions.com\/index.php\/wp-json\/wp\/v2\/media\/4694"}],"wp:attachment":[{"href":"https:\/\/serbenidorm.daliisolutions.com\/index.php\/wp-json\/wp\/v2\/media?parent=4693"}],"wp:term":[{"taxonomy":"category","embeddable":true,"href":"https:\/\/serbenidorm.daliisolutions.com\/index.php\/wp-json\/wp\/v2\/categories?post=4693"},{"taxonomy":"post_tag","embeddable":true,"href":"https:\/\/serbenidorm.daliisolutions.com\/index.php\/wp-json\/wp\/v2\/tags?post=4693"}],"curies":[{"name":"wp","href":"https:\/\/api.w.org\/{rel}","templated":true}]}}