{"id":4695,"date":"2024-05-03T14:02:05","date_gmt":"2024-05-03T12:02:05","guid":{"rendered":"https:\/\/serbenidorm.daliisolutions.com\/index.php\/2024\/05\/03\/el-tm-benidorm-busca-el-ultimo-tren-al-top-8-de-la-liga-asobal-en-nava\/"},"modified":"2024-05-03T14:02:05","modified_gmt":"2024-05-03T12:02:05","slug":"el-tm-benidorm-busca-el-ultimo-tren-al-top-8-de-la-liga-asobal-en-nava","status":"publish","type":"post","link":"https:\/\/serbenidorm.daliisolutions.com\/index.php\/2024\/05\/03\/el-tm-benidorm-busca-el-ultimo-tren-al-top-8-de-la-liga-asobal-en-nava\/","title":{"rendered":"El TM Benidorm busca el \u00faltimo tren al Top-8 de la Liga Asobal en Nava"},"content":{"rendered":"  <p>Benidorm<\/p>   <p>La <a href=\"https:\/\/cadenaser.com\/tag\/liga_asobal\/a\/\" target=\"_blank\" rel=\"noopener\">Liga Asobal<\/a> se acerca ya a su fin y afronta ya su antepen\u00faltima jornada en la que el <a href=\"https:\/\/cadenaser.com\/tag\/club_balonmano_benidorm\/a\/\" target=\"_blank\" rel=\"noopener\">TM Benidorm<\/a> visita este s\u00e1bado (20:00 horas) la cancha del Nava, sexto clasificado con cuatro puntos m\u00e1s que los del Palau d\u2019Esports, que terminar\u00e1n la semana, con casi toda seguridad, salvados matem\u00e1ticamente de tener que disputar la promoci\u00f3n por la permanencia ya que una derrota del Cangas ante el Bar\u00e7a har\u00eda imposible que los gallegos den caza a los benidormenses.<\/p>   <p>El choque ante el Nava pasa por ser, eso s\u00ed, el \u00faltimo tren del TM Benidorm para poder terminar la actual edici\u00f3n de la Liga Asobal entre los ocho mejores clasificados, un objetivo que parec\u00eda mucho m\u00e1s al alcance de la mano hace algunas semanas, pero que, sin ser imposible, se ha complicado mucho.<\/p>  <p><p>M\u00e1s informaci\u00f3n<\/p><figure><img decoding=\"async\" src=\"https:\/\/cadenaser.com\/resizer\/FvZRnE5yP6ctd6x36gSwjl0TXk4=\/650x366\/filters:quality(70)\/cloudfront-eu-central-1.images.arcpublishing.com\/prisaradio\/OAKMBNI4ZFETHMSLQCGXLEMVPA.jpg\" loading=\"lazy\" width=\"828\" height=\"621\" \/><\/figure><ul><li><a href=\"https:\/\/cadenaser.com\/comunitat-valenciana\/2024\/04\/03\/esta-sera-la-plantilla-del-tm-benidorm-para-la-temporada-2024-2025-radio-benidorm\/\">Esta ser\u00e1 la plantilla del TM Benidorm para la temporada 2024-2025<\/a><\/li><\/ul><\/p>   <p>Tras una crisis de resultados (no tanto de juego) que llev\u00f3 al equipo del Palau d\u2019Esports a <a href=\"https:\/\/cadenaser.com\/comunitat-valenciana\/2024\/04\/15\/cuarta-derrota-consecutiva-del-tm-benidorm-en-la-liga-asobal-radio-benidorm\/\" target=\"_blank\" rel=\"noopener\">encadenar cinco partidos consecutivos sin conseguir la victoria<\/a>, parece haberse revertido tras <a href=\"https:\/\/cadenaser.com\/comunitat-valenciana\/2024\/04\/21\/el-tm-benidorm-toma-aire-imponiendose-a-puente-genil-radio-benidorm\/\" target=\"_blank\" rel=\"noopener\">la victoria ante Puente Genil<\/a> y el muy meritorio <a href=\"https:\/\/cadenaser.com\/comunitat-valenciana\/2024\/04\/28\/el-tm-benidorm-arranca-un-punto-de-oro-en-el-sargal-radio-benidorm\/\" target=\"_blank\" rel=\"noopener\">empate en El Sargal de Cuenca<\/a>. Ahora, en tierras leonesas, el <a href=\"https:\/\/cadenaser.com\/tag\/club_balonmano_benidorm\/a\/\" target=\"_blank\" rel=\"noopener\">TM Benidorm<\/a> no s\u00f3lo tratar\u00e1 de confirmar esa racha de buenos resultados, sino engancharse a ese Top-8 que evitar\u00eda tener que disputar rondas previas de la Copa del Rey el pr\u00f3ximo a\u00f1o.<\/p>   <p>Los benidormenses viajan con la moral alta, pero con importantes bajas y algunos jugadores arrastrando las l\u00f3gicas molestias tras muchos meses de competici\u00f3n, algo que a estas alturas de la temporada comparten todos los equipos de la <a href=\"https:\/\/cadenaser.com\/tag\/liga_asobal\/a\/\" target=\"_blank\" rel=\"noopener\">Liga Asobal<\/a>.<\/p>   <p><p><strong>Sigue el canal de la SER en WhatsApp<\/strong><br \/>Encontrar\u00e1s toda la informaci\u00f3n, el deporte y el entretenimiento: la actualidad del d\u00eda y las noticias de \u00faltima hora, los mejores v\u00eddeos y momentos de la radio, entrevistas, reportajes y mucho m\u00e1s.<\/p><a href=\"https:\/\/www.whatsapp.com\/channel\/0029Va633PF9WtC4l7XUzh1e\" title=\"Suscr\u00edbete\">Suscr\u00edbete ahora<\/a><\/p> ","protected":false},"excerpt":{"rendered":"<p>La m\u00e1s que probable derrota del Cangas ante el Bar\u00e7a dejar\u00eda a los de Sergio Carballeira fuera de peligro<\/p>\n","protected":false},"author":0,"featured_media":4696,"comment_status":"open","ping_status":"open","sticky":false,"template":"","format":"standard","meta":{"_acf_changed":false,"footnotes":""},"categories":[16],"tags":[],"class_list":["post-4695","post","type-post","status-publish","format-standard","has-post-thumbnail","hentry","category-deportes"],"acf":{"ser_id":"6MSB7UB5UJE7XAKAQ6ZBM6VCEY","ser_url":"https:\/\/cadenaser.com\/comunitat-valenciana\/2024\/05\/03\/el-tm-benidorm-busca-el-ultimo-tren-al-top-8-de-la-liga-asobal-en-nava-radio-benidorm\/"},"_links":{"self":[{"href":"https:\/\/serbenidorm.daliisolutions.com\/index.php\/wp-json\/wp\/v2\/posts\/4695","targetHints":{"allow":["GET"]}}],"collection":[{"href":"https:\/\/serbenidorm.daliisolutions.com\/index.php\/wp-json\/wp\/v2\/posts"}],"about":[{"href":"https:\/\/serbenidorm.daliisolutions.com\/index.php\/wp-json\/wp\/v2\/types\/post"}],"replies":[{"embeddable":true,"href":"https:\/\/serbenidorm.daliisolutions.com\/index.php\/wp-json\/wp\/v2\/comments?post=4695"}],"version-history":[{"count":0,"href":"https:\/\/serbenidorm.daliisolutions.com\/index.php\/wp-json\/wp\/v2\/posts\/4695\/revisions"}],"wp:featuredmedia":[{"embeddable":true,"href":"https:\/\/serbenidorm.daliisolutions.com\/index.php\/wp-json\/wp\/v2\/media\/4696"}],"wp:attachment":[{"href":"https:\/\/serbenidorm.daliisolutions.com\/index.php\/wp-json\/wp\/v2\/media?parent=4695"}],"wp:term":[{"taxonomy":"category","embeddable":true,"href":"https:\/\/serbenidorm.daliisolutions.com\/index.php\/wp-json\/wp\/v2\/categories?post=4695"},{"taxonomy":"post_tag","embeddable":true,"href":"https:\/\/serbenidorm.daliisolutions.com\/index.php\/wp-json\/wp\/v2\/tags?post=4695"}],"curies":[{"name":"wp","href":"https:\/\/api.w.org\/{rel}","templated":true}]}}