{"id":47,"date":"2023-11-29T15:21:14","date_gmt":"2023-11-29T14:21:14","guid":{"rendered":"https:\/\/serbenidorm.daliisolutions.com\/index.php\/2023\/11\/29\/el-foro-inteligencia-turistica-analiza-en-benidorm-el-uso-de-los-datos-para-favorecer-la-sostenibilidad-del-destino\/"},"modified":"2023-11-29T15:21:14","modified_gmt":"2023-11-29T14:21:14","slug":"el-foro-inteligencia-turistica-analiza-en-benidorm-el-uso-de-los-datos-para-favorecer-la-sostenibilidad-del-destino","status":"publish","type":"post","link":"https:\/\/serbenidorm.daliisolutions.com\/index.php\/2023\/11\/29\/el-foro-inteligencia-turistica-analiza-en-benidorm-el-uso-de-los-datos-para-favorecer-la-sostenibilidad-del-destino\/","title":{"rendered":"El \u2018Foro Inteligencia Tur\u00edstica\u2019 analiza en Benidorm el uso de los datos para favorecer la sostenibilidad del destino"},"content":{"rendered":" Benidorm  El Ayuntamiento de Benidorm acoge este jueves la celebraci\u00f3n del <a href=\"https:\/\/cadenaser.com\/tag\/benidorm\/a\/\" target=\"_blank\" rel=\"noopener\">\u2018Foro Inteligencia Tur\u00edstica y Datos, claves para la sostenibilidad\u2019<\/a>, organizado por Segittur y la Comisi\u00f3n Europea en el marco de la Presidencia espa\u00f1ola del Consejo de la Uni\u00f3n Europea.   El evento re\u00fane en la ciudad a gestores, destinos y representantes del sector tur\u00edstico tanto de Espa\u00f1a como llegados desde otros pa\u00edses de la UE, para abordar las nuevas herramientas para el uso y gesti\u00f3n de datos y c\u00f3mo los mismos pueden influir a la hora de lograr destinos m\u00e1s sostenibles.  El alcalde de Benidorm, Toni P\u00e9rez, ha participado en la inauguraci\u00f3n de este foro, junto al presidente de Segittur, Enrique Mart\u00ednez; la secretaria auton\u00f3mica de Turismo de la Generalitat Valenciana, Cristina Moreno; y el director general de Mercado Interior, Industria, Emprendimiento y PYMEs de la Comisi\u00f3n Europea, Hubert Gambs.   Durante su comparecencia, el primer edil ha recordado a todos los asistentes que Benidorm no solo es \u201cel lugar de la felicidad para millones de espa\u00f1oles y europeos que nos visitan cada a\u00f1o\u201d, sino que tambi\u00e9n representa el primer destino tur\u00edstico del mundo que obtuvo, en el a\u00f1o 2018, la certificaci\u00f3n de destino tur\u00edstico inteligente seg\u00fan la normativa UNE 178501.  <p>M\u00e1s informaci\u00f3n<\/p><ul><li><a href=\"https:\/\/cadenaser.com\/comunitat-valenciana\/2023\/11\/08\/benidorm-concedera-cuatro-premios-de-5000-euros-en-el-concurso-de-ideas-emprendedoras-radio-benidorm\/\">Benidorm conceder\u00e1 cuatro premios de 5.000 euros en el Concurso de Ideas Emprendedoras<\/a><\/li><\/ul>  Igualmente, Toni P\u00e9rez ha explicado c\u00f3mo la ciudad viene trabajando \u201cdesde la primavera de 2015, cuando nos propusimos la meta DTI, con convicci\u00f3n bas\u00e1ndonos en un meticuloso an\u00e1lisis e interpretaci\u00f3n de datos\u201d.   Tras ello, ha defendido la importancia de saber usar bien estos datos para la toma de decisiones: \u201cTener datos es simplemente contar con la materia prima para generar informaci\u00f3n valiosa. Lo crucial es poder analizar e interpretar esos datos, hacerlos \u00fatiles para que realmente informen y mejoren nuestras decisiones\u201d, ha manifestado P\u00e9rez, para quien \u201cla experiencia en la agregaci\u00f3n, normalizaci\u00f3n y estructuraci\u00f3n de los datos es vital para obtener la informaci\u00f3n que nos permita diferenciarnos y avanzar\u201d.  Por \u00faltimo, el primer edil ha trasladado la apuesta por \u201cla sostenibilidad integral, la regeneraci\u00f3n tur\u00edstica y la econom\u00eda circular\u201d tres factores para los que el uso y gesti\u00f3n de los datos, la inteligencia artificial, \u201cvan a ser esenciales para un turismo cada vez m\u00e1s sostenible en todas sus dimensiones: econ\u00f3mica, social, ambiental y tecnol\u00f3gica\u201d.  Adem\u00e1s del alcalde de Benidorm, en el acto inaugural tambi\u00e9n han participado otras destacadas figuras en el campo del turismo. El presidente de Seggitur, Enrique Mart\u00ednez, lo ha hecho en representaci\u00f3n de la secretaria de Estado de Turismo, Rosana Morillo, que no ha podido asistir por encontrarse en Bruselas.   En nombre de Morillo, el presidente de Segittur ha considerado \u201cfundamental que la UE mantenga una agenda propia para favorecer el desarrollo tur\u00edstico, especialmente tras la pandemia\u201d y ha llamado la atenci\u00f3n sobre algunos de los desaf\u00edos que se plantean al sector, entre ellos los relacionados con el clima y la Agenda 2023.  La secretaria auton\u00f3mica de Turismo, Cristina Moreno, ha recordado la premisa de que \u201clo que no se mide no se puede gestionar\u201d para exponer que en la Comunidad Valenciana hay 103 destinos adheridos a la Red de Destinos Inteligentes y anunciar que en el plazo de un mes comenzar\u00e1 a funcionar el nuevo sistema de inteligencia tur\u00edstica impulsado por la Generalitat, a trav\u00e9s del Invattur, con el objetivo de \u201cmejorar la competitividad de nuestros destinos y nuestra oferta tur\u00edstica\u201d.  Por su parte, el director general de Mercado Interior, Industria, Emprendimiento y PYMEs de la Comisi\u00f3n Europea, Hubert Gambs, ha defendido que los datos son \u201cun instrumento clave para el turismo\u201d y que la Uni\u00f3n Europea ha de tener entre sus prioridades \u201cfacilitar el acceso a los datos y abrirlos lo m\u00e1s posible a la ciudadan\u00eda, tanto por su importancia para el turismo como para otros sectores de la econom\u00eda\u201d. En este sentido, Gambs ha abogado por \u201ccrear un espacio \u00fanico europeo de datos, donde la informaci\u00f3n pueda circular a trav\u00e9s de las fronteras\u201d.  <div class=\"hd\"><p>Radio Benidorm<\/p><\/div><div class=\"lst lst-s\"><ul><li><div id=\"player-cadenaser_benidorm_hoyporhoybenidorm_20231129_122000_140000\" class=\"c-pl-a\"><button class=\"bt-pp\" data-audioid=\"cadenaser_benidorm_hoyporhoybenidorm_20231129_122000_140000\" data-type=\"aod\">Play<\/button><\/div><p title=\"Hoy por Hoy Benidorm (29\/11\/2023)\"><span>Hoy por Hoy Benidorm (29\/11\/2023)<\/span><span>01:40:00<!-- -->\u00a0|\u00a0<!-- -->Hoy por Hoy Benidorm<\/span><\/p><\/li><li><div id=\"player-1701090079280\" class=\"c-pl-a\"><button class=\"bt-pp\" data-audioid=\"1701090079280\" data-type=\"aod\">Play<\/button><\/div><p title=\"El secreto del punto del arroz con La Arrocer\u00eda de la Mejillonera en Benidorm\"><span>El secreto del punto del arroz con La Arrocer\u00eda de la Mejillonera en Benidorm<\/span><span>13:36<!-- -->\u00a0|\u00a0<!-- -->Hoy por Hoy Benidorm<\/span><\/p><\/li><li><div id=\"player-cadenaser_benidorm_hoyporhoymatinalbenidorm_20231129_082000_083000\" class=\"c-pl-a\"><button class=\"bt-pp\" data-audioid=\"cadenaser_benidorm_hoyporhoymatinalbenidorm_20231129_082000_083000\" data-type=\"aod\">Play<\/button><\/div><p title=\"Hoy por Hoy matinal Benidorm 8:20 (29\/11\/2023)\"><span>Hoy por Hoy matinal Benidorm 8:20 (29\/11\/2023)<\/span><span>10:00<!-- -->\u00a0|\u00a0<!-- -->Hoy por Hoy matinal Benidorm<\/span><\/p><\/li><li><div id=\"player-cadenaser_benidorm_hoyporhoymatinalbenidorm_20231129_072000_073000\" class=\"c-pl-a\"><button class=\"bt-pp\" data-audioid=\"cadenaser_benidorm_hoyporhoymatinalbenidorm_20231129_072000_073000\" data-type=\"aod\">Play<\/button><\/div><p title=\"Hoy por Hoy matinal Benidorm 7:20 (29\/11\/2023)\"><span>Hoy por Hoy matinal Benidorm 7:20 (29\/11\/2023)<\/span><span>10:00<!-- -->\u00a0|\u00a0<!-- -->Hoy por Hoy matinal Benidorm<\/span><\/p><\/li><li><div id=\"player-cadenaser_benidorm_laventanadelamarinabaixa_20231128_192000_194000\" class=\"c-pl-a\"><button class=\"bt-pp\" data-audioid=\"cadenaser_benidorm_laventanadelamarinabaixa_20231128_192000_194000\" data-type=\"aod\">Play<\/button><\/div><p title=\"La Ventana de la Marina Baixa (28\/11\/2023)\"><span>La Ventana de la Marina Baixa (28\/11\/2023)<\/span><span>20:00<!-- -->\u00a0|\u00a0<!-- -->La Ventana de la Marina Baixa<\/span><\/p><\/li><li><div id=\"player-cadenaser_benidorm_serdeportivosbenidorm_20231128_152000_160000\" class=\"c-pl-a\"><button class=\"bt-pp\" data-audioid=\"cadenaser_benidorm_serdeportivosbenidorm_20231128_152000_160000\" data-type=\"aod\">Play<\/button><\/div><p title=\"SER Deportivos Benidorm (28\/11\/2023)\"><span>SER Deportivos Benidorm (28\/11\/2023)<\/span><span>40:00<!-- -->\u00a0|\u00a0<!-- -->SER Deportivos Benidorm<\/span><\/p><\/li><li><div id=\"player-cadenaser_benidorm_hora14benidorm_20231128_141700_143000\" class=\"c-pl-a\"><button class=\"bt-pp\" data-audioid=\"cadenaser_benidorm_hora14benidorm_20231128_141700_143000\" data-type=\"aod\">Play<\/button><\/div><p title=\"Hora 14 Benidorm (28\/11\/2023)\"><span>Hora 14 Benidorm (28\/11\/2023)<\/span><span>13:00<!-- -->\u00a0|\u00a0<!-- -->Hora 14 Benidorm<\/span><\/p><\/li><li><div id=\"player-cadenaser_benidorm_hoyporhoybenidorm_20231128_122000_140000\" class=\"c-pl-a\"><button class=\"bt-pp\" data-audioid=\"cadenaser_benidorm_hoyporhoybenidorm_20231128_122000_140000\" data-type=\"aod\">Play<\/button><\/div><p title=\"Hoy por Hoy Benidorm (28\/11\/2023)\"><span>Hoy por Hoy Benidorm (28\/11\/2023)<\/span><span>01:40:00<!-- -->\u00a0|\u00a0<!-- -->Hoy por Hoy Benidorm<\/span><\/p><\/li><li><div id=\"player-1701175862565\" class=\"c-pl-a\"><button class=\"bt-pp\" data-audioid=\"1701175862565\" data-type=\"aod\">Play<\/button><\/div><p title=\"La Nuc\u00eda celebra su Feria de la Navidad del 1 al 3 de diciembre\"><span>La Nuc\u00eda celebra su Feria de la Navidad del 1 al 3 de diciembre<\/span><span>18:45<!-- -->\u00a0|\u00a0<!-- -->Hoy por Hoy Benidorm<\/span><\/p><\/li><li><div id=\"player-1701174842410\" class=\"c-pl-a\"><button class=\"bt-pp\" data-audioid=\"1701174842410\" data-type=\"aod\">Play<\/button><\/div><p title=\"Antonio Espinos nos cuenta la historia de una &quot;p\u00e1tera&quot; hallada en Allon,  la perla de la Marina Baixa\"><span>Antonio Espinos nos cuenta la historia de una &quot;p\u00e1tera&quot; hallada en Allon,  la perla de la Marina Baixa<\/span><span>21:27<!-- -->\u00a0|\u00a0<!-- -->Hoy por Hoy Benidorm<\/span><\/p><\/li><li><div id=\"player-1701174279553\" class=\"c-pl-a\"><button class=\"bt-pp\" data-audioid=\"1701174279553\" data-type=\"aod\">Play<\/button><\/div><p title=\"En Educando en Inclusi\u00f3n la maestra Sonia Montesinos nos habla sobre el uso racional de los elementos tecnol\u00f3gicos en la infancia y la adolescencia\"><span>En Educando en Inclusi\u00f3n la maestra Sonia Montesinos nos habla sobre el uso racional de los elementos tecnol\u00f3gicos en la infancia y la adolescencia<\/span><span>22:36<!-- -->\u00a0|\u00a0<!-- -->Hoy por Hoy Benidorm<\/span><\/p><\/li><li><div id=\"player-1701169563404\" class=\"c-pl-a\"><button class=\"bt-pp\" data-audioid=\"1701169563404\" data-type=\"aod\">Play<\/button><\/div><p title=\"La tertulia de La Ventana de la Marina Baixa (27\/11\/2023)\"><span>La tertulia de La Ventana de la Marina Baixa (27\/11\/2023)<\/span><span>39:36<!-- -->\u00a0|\u00a0<!-- -->La Ventana de la Marina Baixa<\/span><\/p><\/li><li><div id=\"player-cadenaser_benidorm_hoyporhoymatinalbenidorm_20231128_082000_083000\" class=\"c-pl-a\"><button class=\"bt-pp\" data-audioid=\"cadenaser_benidorm_hoyporhoymatinalbenidorm_20231128_082000_083000\" data-type=\"aod\">Play<\/button><\/div><p title=\"Hoy por Hoy matinal Benidorm 8:20 (28\/11\/2023)\"><span>Hoy por Hoy matinal Benidorm 8:20 (28\/11\/2023)<\/span><span>10:00<!-- -->\u00a0|\u00a0<!-- -->Hoy por Hoy matinal Benidorm<\/span><\/p><\/li><li><div id=\"player-cadenaser_benidorm_hoyporhoymatinalbenidorm_20231128_072000_073000\" class=\"c-pl-a\"><button class=\"bt-pp\" data-audioid=\"cadenaser_benidorm_hoyporhoymatinalbenidorm_20231128_072000_073000\" data-type=\"aod\">Play<\/button><\/div><p title=\"Hoy por Hoy matinal Benidorm 7:20 (28\/11\/2023)\"><span>Hoy por Hoy matinal Benidorm 7:20 (28\/11\/2023)<\/span><span>10:00<!-- -->\u00a0|\u00a0<!-- -->Hoy por Hoy matinal Benidorm<\/span><\/p><\/li><li><div id=\"player-cadenaser_benidorm_laventanadelamarinabaixa_20231127_192000_194000\" class=\"c-pl-a\"><button class=\"bt-pp\" data-audioid=\"cadenaser_benidorm_laventanadelamarinabaixa_20231127_192000_194000\" data-type=\"aod\">Play<\/button><\/div><p title=\"La Ventana de la Marina Baixa (27\/11\/2023)\"><span>La Ventana de la Marina Baixa (27\/11\/2023)<\/span><span>20:00<!-- -->\u00a0|\u00a0<!-- -->La Ventana de la Marina Baixa<\/span><\/p><\/li><\/ul><\/div> ","protected":false},"excerpt":{"rendered":"<p>El foro est\u00e1 organizado en el marco de la Presidencia espa\u00f1ola de la Uni\u00f3n Europea<\/p>\n","protected":false},"author":0,"featured_media":48,"comment_status":"open","ping_status":"open","sticky":false,"template":"","format":"standard","meta":{"_acf_changed":false,"footnotes":""},"categories":[1],"tags":[],"class_list":["post-47","post","type-post","status-publish","format-standard","has-post-thumbnail","hentry","category-sin-categoria"],"acf":{"ser_id":"LGS23QMJKJBB5FGZ4ICIAMYRUM","ser_url":""},"_links":{"self":[{"href":"https:\/\/serbenidorm.daliisolutions.com\/index.php\/wp-json\/wp\/v2\/posts\/47","targetHints":{"allow":["GET"]}}],"collection":[{"href":"https:\/\/serbenidorm.daliisolutions.com\/index.php\/wp-json\/wp\/v2\/posts"}],"about":[{"href":"https:\/\/serbenidorm.daliisolutions.com\/index.php\/wp-json\/wp\/v2\/types\/post"}],"replies":[{"embeddable":true,"href":"https:\/\/serbenidorm.daliisolutions.com\/index.php\/wp-json\/wp\/v2\/comments?post=47"}],"version-history":[{"count":0,"href":"https:\/\/serbenidorm.daliisolutions.com\/index.php\/wp-json\/wp\/v2\/posts\/47\/revisions"}],"wp:featuredmedia":[{"embeddable":true,"href":"https:\/\/serbenidorm.daliisolutions.com\/index.php\/wp-json\/wp\/v2\/media\/48"}],"wp:attachment":[{"href":"https:\/\/serbenidorm.daliisolutions.com\/index.php\/wp-json\/wp\/v2\/media?parent=47"}],"wp:term":[{"taxonomy":"category","embeddable":true,"href":"https:\/\/serbenidorm.daliisolutions.com\/index.php\/wp-json\/wp\/v2\/categories?post=47"},{"taxonomy":"post_tag","embeddable":true,"href":"https:\/\/serbenidorm.daliisolutions.com\/index.php\/wp-json\/wp\/v2\/tags?post=47"}],"curies":[{"name":"wp","href":"https:\/\/api.w.org\/{rel}","templated":true}]}}