{"id":4720,"date":"2024-05-03T18:14:46","date_gmt":"2024-05-03T16:14:46","guid":{"rendered":"https:\/\/serbenidorm.daliisolutions.com\/index.php\/2024\/05\/03\/valencia-y-benidorm-lideran-la-ocupacion-hotelera-al-cierre-de-abril-en-la-comunitat-valenciana\/"},"modified":"2024-05-03T18:14:46","modified_gmt":"2024-05-03T16:14:46","slug":"valencia-y-benidorm-lideran-la-ocupacion-hotelera-al-cierre-de-abril-en-la-comunitat-valenciana","status":"publish","type":"post","link":"https:\/\/serbenidorm.daliisolutions.com\/index.php\/2024\/05\/03\/valencia-y-benidorm-lideran-la-ocupacion-hotelera-al-cierre-de-abril-en-la-comunitat-valenciana\/","title":{"rendered":"Valencia y Benidorm lideran la ocupaci\u00f3n hotelera al cierre de abril en la Comunitat Valenciana"},"content":{"rendered":"  <p>Benidorm<\/p>   <p>La ocupaci\u00f3n hotelera en la Comunitat Valenciana en la segunda quincena de abril sube entre 3 y 8 puntos con respecto a la primera quincena  consiguiendo mantener la media mensual en datos equiparables a 2023.<\/p>   <p>Seg\u00fan la patronal hotelera Hosbec, las previsiones de mal tiempo desincentivaron los viajes en la primera mitad del mes lo que hizo resentirse los niveles de ocupaci\u00f3n.<\/p>   <p>Sin embargo, durante la segunda quincena se ha experimentado un <a href=\"https:\/\/cadenaser.com\/tag\/benidorm\/a\/\" target=\"_blank\" rel=\"noopener\">cambio de tendencia y destinos como Benidorm consiguen un 83,3% de ocupaci\u00f3n, lo que supone un incremento de 7,9 puntos respecto las dos semanas anteriores<\/a>.<\/p>  <p><p class=\"tit\"><span>Hora 14 Benidorm (03\/05\/2024)<\/span><\/p> <p class=\"emb\"><iframe loading=\"lazy\" src=\"https:\/\/cadenaser.com\/embed\/audio\/460\/cadenaser_benidorm_hora14benidorm_20240503_141700_143000\/\" width=\"100%\" height=\"360\" frameborder=\"0\" allowfullscreen><\/iframe><\/p><\/p>   <p>La aceleraci\u00f3n en el volumen de ocupaci\u00f3n es tambi\u00e9n relevante en el destino urbano de Valencia ciudad que sube 6,8 puntos porcentuales  respecto a la primera quincena y cierra el mes con una ocupaci\u00f3n del 87,3% en la segunda.<\/p>  <p><p>M\u00e1s informaci\u00f3n<\/p><figure><img decoding=\"async\" src=\"https:\/\/cadenaser.com\/resizer\/gNLmERBCMwgKWZWlkzmp2-0pvsQ=\/650x366\/filters:quality(70)\/cloudfront-eu-central-1.images.arcpublishing.com\/prisaradio\/AOOVDCCSWNIE7CDH4LHLNMFOIM.jpg\" loading=\"lazy\" width=\"828\" height=\"621\" \/><\/figure><ul><li><a href=\"https:\/\/cadenaser.com\/comunitat-valenciana\/2024\/05\/01\/las-kellys-lamentan-que-no-se-convoquen-las-mesas-de-trabajo-para-calcular-la-carga-que-pueden-soportar-radio-alicante\/\">Las Kellys lamentan que no se convoquen las mesas de trabajo para calcular la carga que pueden soportar<\/a><\/li><\/ul><\/p>   <p>En la Costa Blanca el incremento ha sido m\u00e1s moderado, situ\u00e1ndose la ocupaci\u00f3n durante la segunda mitad del mes en un 77% subiendo algo menos de 3 puntos respecto a la primera.<\/p>   <p>Crecimiento moderado tambi\u00e9n el que experimenta Castell\u00f3n que cierra abril con un 63,6% de ocupaci\u00f3n, cuatro puntos por encima de los  primeros registros del mes.<\/p>   <p>El 60 % de los turistas en Benidorm son internacionales<\/p>   <p>Por procedencias, crece el mercado brit\u00e1nico, especialmente en Benidorm, con un 46,2% del volumen de pernoctaciones. En el caso de la ciudad tur\u00edstica el 60% de visitantes son de procedencia internacional.<\/p>   <p>En la ciudad de Valencia son un 66,6% los turistas de origen internacional, siendo el italiano (10,1%) y el brit\u00e1nicos (9,2%) los mercados principales. En la Costa Blanca los turistas extranjeros  tambi\u00e9n son mayor\u00eda con un 54% del total, mientras que la provincia de Castell\u00f3n sigue siendo escogida mayoritariamente por el mercado nacional con un 73,8% de la cuota total.\u00a0<br \/>  <br \/> Las previsiones para el inicio del mes de mayo son\u00a0\u201cpositivas\u201d seg\u00fan Hosbec, situ\u00e1ndose ya en la\u00a0mayor\u00eda\u00a0de las\u00a0zonas por encima del 70%. Los  hoteleros atribuyen esta previsiones de ocupaci\u00f3n al efecto que produce el puente de mayo del que gozan los residentes de la Comunidad de Madrid y que ha disparado estos d\u00edas las ocupaciones de destinos de Benidorm y Val\u00e8ncia por encima del 85% durante estos  d\u00edas (del 1 al 5 de mayo).<\/p> ","protected":false},"excerpt":{"rendered":"<p>La patronal celebra \u00abla aceleraci\u00f3n en el volumen de ocupaci\u00f3n\u00bb de ambos destinos<\/p>\n","protected":false},"author":0,"featured_media":4721,"comment_status":"open","ping_status":"open","sticky":false,"template":"","format":"standard","meta":{"_acf_changed":false,"footnotes":""},"categories":[1],"tags":[],"class_list":["post-4720","post","type-post","status-publish","format-standard","has-post-thumbnail","hentry","category-sin-categoria"],"acf":{"ser_id":"XQJMNOSDLVBF3NJJNOZ4L6PYYE","ser_url":"https:\/\/cadenaser.com\/comunitat-valenciana\/2024\/05\/03\/valencia-y-benidorm-lideran-la-ocupacion-hotelera-al-cierre-de-abril-en-la-comunitat-valenciana-radio-benidorm\/"},"_links":{"self":[{"href":"https:\/\/serbenidorm.daliisolutions.com\/index.php\/wp-json\/wp\/v2\/posts\/4720","targetHints":{"allow":["GET"]}}],"collection":[{"href":"https:\/\/serbenidorm.daliisolutions.com\/index.php\/wp-json\/wp\/v2\/posts"}],"about":[{"href":"https:\/\/serbenidorm.daliisolutions.com\/index.php\/wp-json\/wp\/v2\/types\/post"}],"replies":[{"embeddable":true,"href":"https:\/\/serbenidorm.daliisolutions.com\/index.php\/wp-json\/wp\/v2\/comments?post=4720"}],"version-history":[{"count":0,"href":"https:\/\/serbenidorm.daliisolutions.com\/index.php\/wp-json\/wp\/v2\/posts\/4720\/revisions"}],"wp:featuredmedia":[{"embeddable":true,"href":"https:\/\/serbenidorm.daliisolutions.com\/index.php\/wp-json\/wp\/v2\/media\/4721"}],"wp:attachment":[{"href":"https:\/\/serbenidorm.daliisolutions.com\/index.php\/wp-json\/wp\/v2\/media?parent=4720"}],"wp:term":[{"taxonomy":"category","embeddable":true,"href":"https:\/\/serbenidorm.daliisolutions.com\/index.php\/wp-json\/wp\/v2\/categories?post=4720"},{"taxonomy":"post_tag","embeddable":true,"href":"https:\/\/serbenidorm.daliisolutions.com\/index.php\/wp-json\/wp\/v2\/tags?post=4720"}],"curies":[{"name":"wp","href":"https:\/\/api.w.org\/{rel}","templated":true}]}}