{"id":4728,"date":"2024-05-03T18:59:18","date_gmt":"2024-05-03T16:59:18","guid":{"rendered":"https:\/\/serbenidorm.daliisolutions.com\/index.php\/2024\/05\/03\/miles-de-festeros-de-la-vila-joiosa-celebran-las-lagrimas-de-santa-marta\/"},"modified":"2024-05-03T18:59:18","modified_gmt":"2024-05-03T16:59:18","slug":"miles-de-festeros-de-la-vila-joiosa-celebran-las-lagrimas-de-santa-marta","status":"publish","type":"post","link":"https:\/\/serbenidorm.daliisolutions.com\/index.php\/2024\/05\/03\/miles-de-festeros-de-la-vila-joiosa-celebran-las-lagrimas-de-santa-marta\/","title":{"rendered":"Miles de festeros de La Vila Joiosa celebran las L\u00e1grimas de Santa Marta"},"content":{"rendered":"  <p>La Vila Joiosa<\/p>   <p>La Vila Joiosa celebra la conmemoraci\u00f3n del milagro de las L\u00e1grimas de Santa Marta con la popular ofrenda de flores a la patrona. La ofrenda floral tendr\u00e1 lugar este s\u00e1bado y<a href=\"https:\/\/cadenaser.com\/tag\/vila_joiosa\/a\/\" target=\"_blank\" rel=\"noopener\"> en ella participar\u00e1n los festeros de las compa\u00f1\u00edas de Moros y Cristianos, as\u00ed como los cargos festeros, el Rey Moro y la Reina Cristiana 2023, miembros de asociaciones locales y autoridades<\/a>.<\/p>   <p>El desfile partir\u00e1 a las 18.30 horas de la finca de la Barbera y recorrer\u00e1 las calles del centro urbano hasta llegar a la plaza de la iglesia de Nuestra Se\u00f1ora de la Asunci\u00f3n, donde los participantes depositar\u00e1n sus ramos de flores, con los que se dise\u00f1ar\u00e1 un tapiz floral sobre un cadafal.<\/p>  <p><p>M\u00e1s informaci\u00f3n<\/p><figure><img decoding=\"async\" src=\"https:\/\/cadenaser.com\/resizer\/ymVc89el2cqBun19qB2AMse00tQ=\/650x366\/filters:quality(70)\/cloudfront-eu-central-1.images.arcpublishing.com\/prisaradio\/L36YSGBN55EONN5HAAOTI7H76I.jpg\" loading=\"lazy\" width=\"828\" height=\"621\" \/><\/figure><ul><li><a href=\"https:\/\/cadenaser.com\/comunitat-valenciana\/2024\/05\/03\/estas-son-las-principales-preocupaciones-sanitarias-en-la-vila-joiosa-radio-benidorm\/\">Estas son las principales preocupaciones sanitarias en La Vila Joiosa<\/a><\/li><\/ul><\/p>   <p>Este es el acto central de la celebraci\u00f3n de la L\u00e1grimas de Santa Marta, cuya jornada las compa\u00f1\u00edas festeras celebran tambi\u00e9n en sus cuarteles, amenizados por bandas de m\u00fasica.<\/p>   <p>El mi\u00e9rcoles, 8 de mayo, d\u00eda en el que se celebra el 371 aniversario del milagro de las L\u00e1grimas de Santa Marta, se oficiar\u00e1n dos misas: una a las 11 horas, hora en la que la imagen de Santa Marta empez\u00f3 a llorar sobre su altar, y otra a las 19.30 horas, en la que participan los cargos festeros de 2023 y las autoridades. Tras la celebraci\u00f3n religiosa, los ganadores del concurso infantil de embajadas recitar\u00e1n fragmentos de las mismas y actuar\u00e1n los grupos de danza en la plaza de la iglesia.<\/p>   <p>El 8 de mayo de 1653, origen de la celebraci\u00f3n<\/p>   <p>La Asociaci\u00f3n Santa Marta organiza una agenda de actos estos d\u00edas para celebrar la conmemoraci\u00f3n de las L\u00e1grimas de Santa Marta que acontecieron el 8 de mayo de 1653. La imagen de la patrona estuvo llorando durante dos horas sobre su altar, mientras que, en Madrid, el Rey Felipe IV firmaba la autorizaci\u00f3n para construir el pantano de Relleu, que permitir\u00eda abastecer de agua a la huerta vilera en una \u00e9poca de fuerte sequ\u00eda.<\/p> ","protected":false},"excerpt":{"rendered":"<p>La ofrenda a la patrona parte el s\u00e1bado a las 18.30 horas desde la finca de la Barbera<\/p>\n","protected":false},"author":0,"featured_media":4729,"comment_status":"open","ping_status":"open","sticky":false,"template":"","format":"standard","meta":{"_acf_changed":false,"footnotes":""},"categories":[1],"tags":[],"class_list":["post-4728","post","type-post","status-publish","format-standard","has-post-thumbnail","hentry","category-sin-categoria"],"acf":{"ser_id":"3TTZPITLGFBCHBIBDJ3ESOGJWU","ser_url":"https:\/\/cadenaser.com\/comunitat-valenciana\/2024\/05\/03\/la-vila-joiosa-celebra-las-lagrimas-de-santa-marta-miles-de-festeros-participaran-este-sabado-en-la-ofrenda-radio-benidorm\/"},"_links":{"self":[{"href":"https:\/\/serbenidorm.daliisolutions.com\/index.php\/wp-json\/wp\/v2\/posts\/4728","targetHints":{"allow":["GET"]}}],"collection":[{"href":"https:\/\/serbenidorm.daliisolutions.com\/index.php\/wp-json\/wp\/v2\/posts"}],"about":[{"href":"https:\/\/serbenidorm.daliisolutions.com\/index.php\/wp-json\/wp\/v2\/types\/post"}],"replies":[{"embeddable":true,"href":"https:\/\/serbenidorm.daliisolutions.com\/index.php\/wp-json\/wp\/v2\/comments?post=4728"}],"version-history":[{"count":0,"href":"https:\/\/serbenidorm.daliisolutions.com\/index.php\/wp-json\/wp\/v2\/posts\/4728\/revisions"}],"wp:featuredmedia":[{"embeddable":true,"href":"https:\/\/serbenidorm.daliisolutions.com\/index.php\/wp-json\/wp\/v2\/media\/4729"}],"wp:attachment":[{"href":"https:\/\/serbenidorm.daliisolutions.com\/index.php\/wp-json\/wp\/v2\/media?parent=4728"}],"wp:term":[{"taxonomy":"category","embeddable":true,"href":"https:\/\/serbenidorm.daliisolutions.com\/index.php\/wp-json\/wp\/v2\/categories?post=4728"},{"taxonomy":"post_tag","embeddable":true,"href":"https:\/\/serbenidorm.daliisolutions.com\/index.php\/wp-json\/wp\/v2\/tags?post=4728"}],"curies":[{"name":"wp","href":"https:\/\/api.w.org\/{rel}","templated":true}]}}