{"id":4764,"date":"2024-05-06T12:35:54","date_gmt":"2024-05-06T10:35:54","guid":{"rendered":"https:\/\/serbenidorm.daliisolutions.com\/index.php\/2024\/05\/06\/ultima-semana-de-obras-en-la-urbanizacion-bello-horizonte-i-de-la-nucia\/"},"modified":"2024-05-06T12:35:54","modified_gmt":"2024-05-06T10:35:54","slug":"ultima-semana-de-obras-en-la-urbanizacion-bello-horizonte-i-de-la-nucia","status":"publish","type":"post","link":"https:\/\/serbenidorm.daliisolutions.com\/index.php\/2024\/05\/06\/ultima-semana-de-obras-en-la-urbanizacion-bello-horizonte-i-de-la-nucia\/","title":{"rendered":"\u00daltima semana de obras en la urbanizaci\u00f3n Bello Horizonte I de La Nuc\u00eda"},"content":{"rendered":"  <p>La Nuc\u00eda<\/p>   <p>Esta semana terminar\u00e1 el asfaltado de la Urbanizaci\u00f3n Bello Horizonte I de La Nuc\u00eda. Se trata de la \u00faltima actuaci\u00f3n del proyecto general de mejora de esta zona residencial que ha supuesto una inversi\u00f3n de 1,4 millones de euros y que ha incluido la renovaci\u00f3n de toda la red de agua potable as\u00ed como la reposici\u00f3n de aceras.<\/p>   <p>En total se van a reasfaltar 18.000 metros cuadrados abarcando todas las v\u00edas de Bello Horizonte I y cuando este trabajo acabe, explican desde el consistorio nuciero, se proceder\u00e1 a la pintura horizontal. <a href=\"https:\/\/cadenaser.com\/tag\/la_nucia\/a\/\" target=\"_blank\" rel=\"noopener\">Antes se han instalado tres kil\u00f3metros de tuber\u00edas de agua, tanto de la red principal como de la red secundaria, que acumulaba m\u00e1s de cuatro d\u00e9cadas de antig\u00fcedad<\/a>.<\/p>  <p><p>M\u00e1s informaci\u00f3n<\/p><figure><img decoding=\"async\" src=\"https:\/\/cadenaser.com\/resizer\/SvUv02ys86YEu4qlQeE1v3yyk1g=\/650x366\/filters:quality(70)\/cloudfront-eu-central-1.images.arcpublishing.com\/prisaradio\/YM2WUENHAVCKVHFWTFZ6GDYA2Q.jpg\" loading=\"lazy\" width=\"828\" height=\"621\" \/><\/figure><ul><li><a href=\"https:\/\/cadenaser.com\/comunitat-valenciana\/2024\/05\/06\/mas-de-cien-efectivos-de-la-ume-maniobran-en-callosa-den-sarria-hasta-el-sabado-radio-benidorm\/\">M\u00e1s de cien efectivos de la UME maniobran en Callosa d&#8217;En Sarri\u00e0 hasta el s\u00e1bado<\/a><\/li><\/ul><\/p>   <p>Adem\u00e1s y de forma paralela se realiz\u00f3 la reposici\u00f3n de las aceras deterioradas hasta un total de 3.800 metros cuadrados de las calles \u00c1msterdam, Berl\u00edn, avda. Pla Figuereta, Bruselas, Luxemburgo, M\u00f3naco, Par\u00eds, Lisboa, Viena y Berna. <\/p>   <p>\u201cUrbanizaci\u00f3n totalmente renovada\u201d<\/p>   <p>\u00abTras un a\u00f1o de molestias por las obras en breve los vecinos y vecinas de Bello Horizonte I disfrutar\u00e1n de una urbanizaci\u00f3n, totalmente renovada. Una actuaci\u00f3n con la que hemos dado respuesta a las demandas vecinales. Unas obras que son financiadas al 100% el Ayuntamiento de La Nuc\u00eda, sin ning\u00fan coste para los vecinos\u00bb, ha se\u00f1alado el alcalde Bernab\u00e9 Cano.<\/p> ","protected":false},"excerpt":{"rendered":"<p>Tras un a\u00f1o de actuaciones<\/p>\n","protected":false},"author":0,"featured_media":4765,"comment_status":"open","ping_status":"open","sticky":false,"template":"","format":"standard","meta":{"_acf_changed":false,"footnotes":""},"categories":[1],"tags":[],"class_list":["post-4764","post","type-post","status-publish","format-standard","has-post-thumbnail","hentry","category-sin-categoria"],"acf":{"ser_id":"PHYAW6QY25C7TAQHKBZ4YX56GI","ser_url":"https:\/\/cadenaser.com\/comunitat-valenciana\/2024\/05\/06\/ultima-semana-de-obras-en-la-urbanizacion-bello-horizonte-i-de-la-nucia-radio-benidorm\/"},"_links":{"self":[{"href":"https:\/\/serbenidorm.daliisolutions.com\/index.php\/wp-json\/wp\/v2\/posts\/4764","targetHints":{"allow":["GET"]}}],"collection":[{"href":"https:\/\/serbenidorm.daliisolutions.com\/index.php\/wp-json\/wp\/v2\/posts"}],"about":[{"href":"https:\/\/serbenidorm.daliisolutions.com\/index.php\/wp-json\/wp\/v2\/types\/post"}],"replies":[{"embeddable":true,"href":"https:\/\/serbenidorm.daliisolutions.com\/index.php\/wp-json\/wp\/v2\/comments?post=4764"}],"version-history":[{"count":0,"href":"https:\/\/serbenidorm.daliisolutions.com\/index.php\/wp-json\/wp\/v2\/posts\/4764\/revisions"}],"wp:featuredmedia":[{"embeddable":true,"href":"https:\/\/serbenidorm.daliisolutions.com\/index.php\/wp-json\/wp\/v2\/media\/4765"}],"wp:attachment":[{"href":"https:\/\/serbenidorm.daliisolutions.com\/index.php\/wp-json\/wp\/v2\/media?parent=4764"}],"wp:term":[{"taxonomy":"category","embeddable":true,"href":"https:\/\/serbenidorm.daliisolutions.com\/index.php\/wp-json\/wp\/v2\/categories?post=4764"},{"taxonomy":"post_tag","embeddable":true,"href":"https:\/\/serbenidorm.daliisolutions.com\/index.php\/wp-json\/wp\/v2\/tags?post=4764"}],"curies":[{"name":"wp","href":"https:\/\/api.w.org\/{rel}","templated":true}]}}