{"id":4766,"date":"2024-05-06T12:35:54","date_gmt":"2024-05-06T10:35:54","guid":{"rendered":"https:\/\/serbenidorm.daliisolutions.com\/index.php\/2024\/05\/06\/mas-de-cien-efectivos-de-la-ume-maniobran-en-callosa-den-sarria-hasta-el-sabado\/"},"modified":"2024-05-06T12:35:54","modified_gmt":"2024-05-06T10:35:54","slug":"mas-de-cien-efectivos-de-la-ume-maniobran-en-callosa-den-sarria-hasta-el-sabado","status":"publish","type":"post","link":"https:\/\/serbenidorm.daliisolutions.com\/index.php\/2024\/05\/06\/mas-de-cien-efectivos-de-la-ume-maniobran-en-callosa-den-sarria-hasta-el-sabado\/","title":{"rendered":"M\u00e1s de cien efectivos de la UME maniobran en Callosa d&#8217;En Sarri\u00e0 hasta el s\u00e1bado"},"content":{"rendered":"  <p>Callosa d&#8217;En Sarri\u00e0<\/p>   <p>El Batall\u00f3n de Transmisiones de la Unidad Militar de Emergencias (BTUME) estar\u00e1 en Callosa d\u2019En Sarri\u00e0 hasta el pr\u00f3ximo s\u00e1bado 11 de mayo realizando un ejercicio para adiestrar a sus equipos en el planeamiento y ejecuci\u00f3n de una maniobra de Telecomunicaciones e Informaci\u00f3n durante una situaci\u00f3n de emergencia de inter\u00e9s nacional.<\/p>   <p>Esta actividad implica el despliegue del puesto de mando del general Jefe de la UME, drones o helic\u00f3pteros pertenecientes al Batall\u00f3n de Helic\u00f3pteros de Emergencias II para coordinar las diferentes misiones. <a href=\"https:\/\/cadenaser.com\/tag\/callosa_den_sarria\/a\/\" target=\"_blank\" rel=\"noopener\">En total participar\u00e1n 110 militares con 20 veh\u00edculos y estaciones de telecomunicaciones.<\/a><\/p>  <p><figure><img decoding=\"async\" src=\"https:\/\/cadenaser.com\/resizer\/FBSmYQYh38WzV4wAQ_KxcaKnzuk=\/650x366\/filters:quality(70)\/cloudfront-eu-central-1.images.arcpublishing.com\/prisaradio\/BDYT5PCRSNDM5ET7VEXOLFOLZU.jpg\" loading=\"lazy\" width=\"240\" height=\"135\" \/><\/figure><div><a href=\"https:\/\/cadenaser.com\/comunitat-valenciana\/2024\/04\/11\/los-regantes-de-callosa-den-sarria-quieren-conectar-todas-sus-fuentes-de-agua-para-ahorrar-recursos-radio-benidorm\/\">Los regantes de Callosa quieren conectar todas sus fuentes de agua para ahorrar recursos<\/a><p><\/p><\/div><\/p>   <p>Pedro Vicente Gregori Such, teniente coronel jefe del Batall\u00f3n de Transmisiones, ha querido recalcar que habr\u00e1 momentos del ejercicio que estar\u00e1n abiertos al p\u00fablico en general, como el izado de Bandera, que se celebrar\u00e1 este lunes a las 19:30 horas en las inmediaciones del polideportivo municipal, la visita de alumnos de los colegios e institutos el jueves durante la ma\u00f1ana o el arriado de la Bandera previsto para el viernes tambi\u00e9n a las 19:30 horas.<\/p>   <p>El alcalde Andr\u00e9s Molina se ha mostrado orgulloso por la elecci\u00f3n de Callosa para este ejercicio de entrenamiento de la UME: \u00abUna de las unidades m\u00e1s queridas y respetadas por el conjunto de la poblaci\u00f3n espa\u00f1ola, a la que tenemos que agradecer su colaboraci\u00f3n en el reciente incendio forestal de T\u00e1rbena\u00bb.<\/p> ","protected":false},"excerpt":{"rendered":"<p>Con actividades abiertas al p\u00fablico y visita de escolares<\/p>\n","protected":false},"author":0,"featured_media":4767,"comment_status":"open","ping_status":"open","sticky":false,"template":"","format":"standard","meta":{"_acf_changed":false,"footnotes":""},"categories":[1],"tags":[],"class_list":["post-4766","post","type-post","status-publish","format-standard","has-post-thumbnail","hentry","category-sin-categoria"],"acf":{"ser_id":"ZTUZTKWTPJFGPNRKLALAFSJW7Q","ser_url":"https:\/\/cadenaser.com\/comunitat-valenciana\/2024\/05\/06\/mas-de-cien-efectivos-de-la-ume-maniobran-en-callosa-den-sarria-hasta-el-sabado-radio-benidorm\/"},"_links":{"self":[{"href":"https:\/\/serbenidorm.daliisolutions.com\/index.php\/wp-json\/wp\/v2\/posts\/4766","targetHints":{"allow":["GET"]}}],"collection":[{"href":"https:\/\/serbenidorm.daliisolutions.com\/index.php\/wp-json\/wp\/v2\/posts"}],"about":[{"href":"https:\/\/serbenidorm.daliisolutions.com\/index.php\/wp-json\/wp\/v2\/types\/post"}],"replies":[{"embeddable":true,"href":"https:\/\/serbenidorm.daliisolutions.com\/index.php\/wp-json\/wp\/v2\/comments?post=4766"}],"version-history":[{"count":0,"href":"https:\/\/serbenidorm.daliisolutions.com\/index.php\/wp-json\/wp\/v2\/posts\/4766\/revisions"}],"wp:featuredmedia":[{"embeddable":true,"href":"https:\/\/serbenidorm.daliisolutions.com\/index.php\/wp-json\/wp\/v2\/media\/4767"}],"wp:attachment":[{"href":"https:\/\/serbenidorm.daliisolutions.com\/index.php\/wp-json\/wp\/v2\/media?parent=4766"}],"wp:term":[{"taxonomy":"category","embeddable":true,"href":"https:\/\/serbenidorm.daliisolutions.com\/index.php\/wp-json\/wp\/v2\/categories?post=4766"},{"taxonomy":"post_tag","embeddable":true,"href":"https:\/\/serbenidorm.daliisolutions.com\/index.php\/wp-json\/wp\/v2\/tags?post=4766"}],"curies":[{"name":"wp","href":"https:\/\/api.w.org\/{rel}","templated":true}]}}