{"id":4768,"date":"2024-05-06T12:35:57","date_gmt":"2024-05-06T10:35:57","guid":{"rendered":"https:\/\/serbenidorm.daliisolutions.com\/index.php\/2024\/05\/06\/el-benidorm-no-afloja-y-ejerce-de-campeon-en-el-guillermo-amor\/"},"modified":"2024-05-06T12:35:57","modified_gmt":"2024-05-06T10:35:57","slug":"el-benidorm-no-afloja-y-ejerce-de-campeon-en-el-guillermo-amor","status":"publish","type":"post","link":"https:\/\/serbenidorm.daliisolutions.com\/index.php\/2024\/05\/06\/el-benidorm-no-afloja-y-ejerce-de-campeon-en-el-guillermo-amor\/","title":{"rendered":"El Benidorm no afloja y ejerce de campe\u00f3n en el Guillermo Amor"},"content":{"rendered":"  <p>Benidorm<\/p>   <p>El <a href=\"https:\/\/cadenaser.com\/tag\/club_futbol_benidorm\/a\/\" target=\"_blank\" rel=\"noopener\">C.F. Benidorm<\/a> volvi\u00f3 este domingo al estadio Guillermo Amor ya como equipo matem\u00e1ticamente ascendido a Tercera RFEF para darse un ba\u00f1o de masas ante su afici\u00f3n y celebrar, al fin, la fiesta del objetivo cumplido que, adem\u00e1s, acab\u00f3 siendo redonda gracias a la victoria obtenida ante el Independiente de Alicante por 2-1. Un rival que, en una bonita muestra de deportividad, le hizo el siempre especial pasillo al campe\u00f3n antes de arrancar el encuentro.<\/p>   <p>Por lo dem\u00e1s, la jornada fue, como se esperaba, intrascendente en t\u00e9rminos deportivos. El l\u00edder ejerci\u00f3 como tal y no tuvo excesivos problemas para sumar su 21\u00aa victoria en 28 jornadas y dar un paso m\u00e1s hacia ese objetivo secundario y s\u00f3lo honor\u00edfico de terminar esta campa\u00f1a hist\u00f3rica como el equipo m\u00e1s goleador y el menos goleado de la categor\u00eda.<\/p>  <p><p>M\u00e1s informaci\u00f3n<\/p><figure><img decoding=\"async\" src=\"https:\/\/cadenaser.com\/resizer\/eLN-Ab0wEa_XeSZBIUUyeCm8YpI=\/650x366\/filters:quality(70)\/cloudfront-eu-central-1.images.arcpublishing.com\/prisaradio\/Y65WRWYMERA73ELCOAB37BCICM.jpg\" loading=\"lazy\" width=\"828\" height=\"621\" \/><\/figure><ul><li><a href=\"https:\/\/cadenaser.com\/tag\/club_futbol_benidorm\/a\/\">Todas las noticias del C.F. Benidorm<\/a><\/li><\/ul><\/p>   <p>El C.F. Benidorm visitar\u00e1 la pr\u00f3xima semana la cancha del Calpe, que necesita imperiosamente la victoria para seguir aspirando a la tercera plaza y, con ella, a la \u00faltima oportunidad de meterse en la promoci\u00f3n de ascenso. Todo ello, antes de poner punto y final a la temporada, de nuevo en el Guillermo Amor, el d\u00eda 19 de mayo ante el Callosa Deportiva, actual colista y que podr\u00eda llegar a esa fecha ya descendido o jug\u00e1ndoselo todo.<\/p>   <p><b>Punto y final al a\u00f1o infernal de La Nuc\u00eda<\/b><\/p>   <p>Por su parte, el C.F. La Nuc\u00eda puso punto y final a una temporada para el olvido en lo deportivo y en lo institucional y en la que hace ya semanas que se certific\u00f3 su descenso matem\u00e1tico a la Tercera RFEF. El equipo rojillo cerr\u00f3 su campa\u00f1a actuando como local ante el Badalona, que se impuso en el Camilo Cano por un contundente 0-3 que deja a los nucieros como colistas de la tabla con 21 puntos tras 21 derrotas, nueve empates y s\u00f3lo cuatro victorias.<\/p>   <p>Ahora, todas las miradas est\u00e1n puestas, una vez m\u00e1s, en los despachos de la entidad nuciera, que sigue sumida en una profund\u00edsima crisis econ\u00f3mica de la que, por el momento, nada se sabe de manera oficial y que sigue poniendo muchos interrogantes sobre el futuro mismo del club.<\/p>   <p>M\u00e1s all\u00e1 del supuesto inter\u00e9s de Juan Carlos Ram\u00edrez, actual propietario del Alcoyano, por hacerse con las riendas de la entidad y, a su vez, de otros inversores estar\u00edan estos d\u00edas sondeando su desembarco en el Camilo Cano, lo \u00fanico seguro es que a d\u00eda de hoy el futuro a medio plazo del C.F. La Nuc\u00eda est\u00e1 en la cuerda floja.<\/p>   <p><p><strong>Sigue el canal de la SER en WhatsApp<\/strong><br \/>Encontrar\u00e1s toda la informaci\u00f3n, el deporte y el entretenimiento: la actualidad del d\u00eda y las noticias de \u00faltima hora, los mejores v\u00eddeos y momentos de la radio, entrevistas, reportajes y mucho m\u00e1s.<\/p><a href=\"https:\/\/www.whatsapp.com\/channel\/0029Va633PF9WtC4l7XUzh1e\" title=\"Suscr\u00edbete\">Suscr\u00edbete ahora<\/a><\/p> ","protected":false},"excerpt":{"rendered":"<p>El C.F. La Nuc\u00eda cerr\u00f3 la temporada con una nueva derrota en el Camilo Cano<\/p>\n","protected":false},"author":0,"featured_media":4769,"comment_status":"open","ping_status":"open","sticky":false,"template":"","format":"standard","meta":{"_acf_changed":false,"footnotes":""},"categories":[16],"tags":[],"class_list":["post-4768","post","type-post","status-publish","format-standard","has-post-thumbnail","hentry","category-deportes"],"acf":{"ser_id":"JZYTEQECYJEXVN4CG5OCANYRUE","ser_url":"https:\/\/cadenaser.com\/comunitat-valenciana\/2024\/05\/06\/el-benidorm-no-afloja-y-ejerce-de-campeon-en-el-guillermo-amor-radio-benidorm\/"},"_links":{"self":[{"href":"https:\/\/serbenidorm.daliisolutions.com\/index.php\/wp-json\/wp\/v2\/posts\/4768","targetHints":{"allow":["GET"]}}],"collection":[{"href":"https:\/\/serbenidorm.daliisolutions.com\/index.php\/wp-json\/wp\/v2\/posts"}],"about":[{"href":"https:\/\/serbenidorm.daliisolutions.com\/index.php\/wp-json\/wp\/v2\/types\/post"}],"replies":[{"embeddable":true,"href":"https:\/\/serbenidorm.daliisolutions.com\/index.php\/wp-json\/wp\/v2\/comments?post=4768"}],"version-history":[{"count":0,"href":"https:\/\/serbenidorm.daliisolutions.com\/index.php\/wp-json\/wp\/v2\/posts\/4768\/revisions"}],"wp:featuredmedia":[{"embeddable":true,"href":"https:\/\/serbenidorm.daliisolutions.com\/index.php\/wp-json\/wp\/v2\/media\/4769"}],"wp:attachment":[{"href":"https:\/\/serbenidorm.daliisolutions.com\/index.php\/wp-json\/wp\/v2\/media?parent=4768"}],"wp:term":[{"taxonomy":"category","embeddable":true,"href":"https:\/\/serbenidorm.daliisolutions.com\/index.php\/wp-json\/wp\/v2\/categories?post=4768"},{"taxonomy":"post_tag","embeddable":true,"href":"https:\/\/serbenidorm.daliisolutions.com\/index.php\/wp-json\/wp\/v2\/tags?post=4768"}],"curies":[{"name":"wp","href":"https:\/\/api.w.org\/{rel}","templated":true}]}}