{"id":4772,"date":"2024-05-06T12:35:59","date_gmt":"2024-05-06T10:35:59","guid":{"rendered":"https:\/\/serbenidorm.daliisolutions.com\/index.php\/2024\/05\/06\/el-taberna-andaluza-benidorm-peleara-por-el-ascenso-a-primera-autonomica\/"},"modified":"2024-05-06T12:35:59","modified_gmt":"2024-05-06T10:35:59","slug":"el-taberna-andaluza-benidorm-peleara-por-el-ascenso-a-primera-autonomica","status":"publish","type":"post","link":"https:\/\/serbenidorm.daliisolutions.com\/index.php\/2024\/05\/06\/el-taberna-andaluza-benidorm-peleara-por-el-ascenso-a-primera-autonomica\/","title":{"rendered":"El Taberna Andaluza-Benidorm pelear\u00e1 por el ascenso a Primera Auton\u00f3mica"},"content":{"rendered":"  <p>Benidorm<\/p>   <p>No hubo sorpresas y el Taberna Andaluza-Benidorm, el equipo S\u00e9nior Auton\u00f3mico masculino del <a href=\"https:\/\/cadenaser.com\/tag\/club_voleibol_playas_benidorm\/a\/\" target=\"_blank\" rel=\"noopener\">Club Voleibol Playas de Benidorm<\/a> se impuso al Cid Campeador por un clar\u00edsimo 3-0 (25-17, 25-12 y 25-9) en el pabell\u00f3n Ra\u00fal Mesa clasific\u00e1ndose para la fase de ascenso a Primera Auton\u00f3mica, un \u00faltimo paso que tratar\u00e1 de dar el pr\u00f3ximo fin de semana en Vinar\u00f3s.<\/p>   <p>A esa \u00faltima fase por el ascenso se han clasificado, adem\u00e1s del Taberna Andaluza-Benidorm, el Vinar\u00f3s B, el V\u00f3ley Quart y L\u2019Illa Grau. Todos ellos se medir\u00e1n, en formato de liguilla, durante el s\u00e1bado y domingo para hacerse con la \u00fanica plaza de ascenso a la m\u00e1xima categor\u00eda auton\u00f3mica.<\/p>   <p>El equipo del Club Voleibol Playas de Benidorm arrancar\u00e1 su participaci\u00f3n en esa final auton\u00f3mica midi\u00e9ndose a L\u2019Illa Grau el s\u00e1bado a las 12:30 horas antes de volver a saltar a la pista, a las 20:00 horas, ante el V\u00f3ley Quart.<\/p>   <p>El tercer y \u00faltimo partido del equipo benidormense se ha programado para las 12:30 horas del domingo ante el Vinar\u00f3s B.<\/p>   <p><p><strong>Sigue el canal de la SER en WhatsApp<\/strong><br \/>Encontrar\u00e1s toda la informaci\u00f3n, el deporte y el entretenimiento: la actualidad del d\u00eda y las noticias de \u00faltima hora, los mejores v\u00eddeos y momentos de la radio, entrevistas, reportajes y mucho m\u00e1s.<\/p><a href=\"https:\/\/www.whatsapp.com\/channel\/0029Va633PF9WtC4l7XUzh1e\" title=\"Suscr\u00edbete\">Suscr\u00edbete ahora<\/a><\/p> ","protected":false},"excerpt":{"rendered":"<p>Los de David Barreto no tuvieron problemas para imponerse al Cid Campeador por la v\u00eda r\u00e1pida<\/p>\n","protected":false},"author":0,"featured_media":4773,"comment_status":"open","ping_status":"open","sticky":false,"template":"","format":"standard","meta":{"_acf_changed":false,"footnotes":""},"categories":[16],"tags":[],"class_list":["post-4772","post","type-post","status-publish","format-standard","has-post-thumbnail","hentry","category-deportes"],"acf":{"ser_id":"H7NUNOTWWRBTRDE7IAK3YGQ6JM","ser_url":"https:\/\/cadenaser.com\/comunitat-valenciana\/2024\/05\/06\/el-taberna-andaluza-benidorm-peleara-por-el-ascenso-a-primera-autonomica-radio-benidorm\/"},"_links":{"self":[{"href":"https:\/\/serbenidorm.daliisolutions.com\/index.php\/wp-json\/wp\/v2\/posts\/4772","targetHints":{"allow":["GET"]}}],"collection":[{"href":"https:\/\/serbenidorm.daliisolutions.com\/index.php\/wp-json\/wp\/v2\/posts"}],"about":[{"href":"https:\/\/serbenidorm.daliisolutions.com\/index.php\/wp-json\/wp\/v2\/types\/post"}],"replies":[{"embeddable":true,"href":"https:\/\/serbenidorm.daliisolutions.com\/index.php\/wp-json\/wp\/v2\/comments?post=4772"}],"version-history":[{"count":0,"href":"https:\/\/serbenidorm.daliisolutions.com\/index.php\/wp-json\/wp\/v2\/posts\/4772\/revisions"}],"wp:featuredmedia":[{"embeddable":true,"href":"https:\/\/serbenidorm.daliisolutions.com\/index.php\/wp-json\/wp\/v2\/media\/4773"}],"wp:attachment":[{"href":"https:\/\/serbenidorm.daliisolutions.com\/index.php\/wp-json\/wp\/v2\/media?parent=4772"}],"wp:term":[{"taxonomy":"category","embeddable":true,"href":"https:\/\/serbenidorm.daliisolutions.com\/index.php\/wp-json\/wp\/v2\/categories?post=4772"},{"taxonomy":"post_tag","embeddable":true,"href":"https:\/\/serbenidorm.daliisolutions.com\/index.php\/wp-json\/wp\/v2\/tags?post=4772"}],"curies":[{"name":"wp","href":"https:\/\/api.w.org\/{rel}","templated":true}]}}