{"id":4774,"date":"2024-05-06T12:36:00","date_gmt":"2024-05-06T10:36:00","guid":{"rendered":"https:\/\/serbenidorm.daliisolutions.com\/index.php\/2024\/05\/06\/el-huesitos-la-vila-arranca-la-semana-clave-para-volver-a-la-maxima-categoria\/"},"modified":"2024-05-06T12:36:00","modified_gmt":"2024-05-06T10:36:00","slug":"el-huesitos-la-vila-arranca-la-semana-clave-para-volver-a-la-maxima-categoria","status":"publish","type":"post","link":"https:\/\/serbenidorm.daliisolutions.com\/index.php\/2024\/05\/06\/el-huesitos-la-vila-arranca-la-semana-clave-para-volver-a-la-maxima-categoria\/","title":{"rendered":"El Huesitos-La Vila arranca la semana clave para volver a la m\u00e1xima categor\u00eda"},"content":{"rendered":"  <p>Benidorm<\/p>   <p>Una aventura que arranc\u00f3 en el ya muy lejano mes de septiembre y que se ha ido cociendo a fuego lento durante una veintena de partidos, llegar\u00e1 este domingo a su punto culminante. Todo ese trabajo quedar\u00e1 reducido a 80 minutos cruciales. Un solo partido en el que el <a href=\"https:\/\/cadenaser.com\/tag\/club_rugby_la_vila\/a\/\" target=\"_blank\" rel=\"noopener\">Huesitos-La Vila<\/a> se jugar\u00e1 ante el Industriales Las Rozas (13:30 horas) en El Cantizal su regreso a la m\u00e1xima categor\u00eda del rugby espa\u00f1ol.<\/p>   <p>En la primera vuelta liguera, los dos equipos que pelear\u00e1n por la \u00fanica plaza de ascenso directo no llegaron a enfrentarse al estar encuadrados en distintos grupos. En aquella fase de la competici\u00f3n, el Industriales Las Rozas consigui\u00f3 nueve victorias por una sola derrota mientras que <a href=\"https:\/\/cadenaser.com\/comunitat-valenciana\/2024\/01\/15\/el-huesitos-la-vila-cierra-con-pleno-la-primera-fase-radio-benidorm\/\" target=\"_blank\" rel=\"noopener\">el Huesitos-La Vila complet\u00f3 una actuaci\u00f3n inmaculada con diez victorias en otros tantos partidos<\/a>.<\/p>  <p><p>M\u00e1s informaci\u00f3n<\/p><figure><img decoding=\"async\" src=\"https:\/\/cadenaser.com\/resizer\/kesV9N1rE0nj0R0b4gx7pA86wI8=\/650x366\/filters:quality(70)\/cloudfront-eu-central-1.images.arcpublishing.com\/prisaradio\/TC2SIET6LBC5ZDETOXG67TECHM.JPG\" loading=\"lazy\" width=\"828\" height=\"621\" \/><\/figure><ul><li><a href=\"https:\/\/cadenaser.com\/comunitat-valenciana\/2024\/05\/01\/el-club-de-rugby-la-vila-prepara-el-desembarco-jonense-en-las-rozas-radio-benidorm\/\">El Club de Rugby La Vila prepara el desembarco jonense en Las Rozas<\/a><\/li><\/ul><\/p>   <p>Por lo tanto, el \u00fanico precedente que existe en la presente campa\u00f1a es el que data del pasado d\u00eda 10 de marzo (ya en la Fase \u00c9lite), cuando el Huesitos-La Vila se midi\u00f3, tambi\u00e9n actuando como visitante en El Cantizal, al Industriales Las Rozas en un duelo apasionante que<a href=\"https:\/\/cadenaser.com\/comunitat-valenciana\/2024\/03\/10\/el-huesitos-la-vila-cae-por-la-minima-pero-sigue-en-puestos-de-ascenso-radio-benidorm\/\" target=\"_blank\" rel=\"noopener\"> acab\u00f3 cayendo del lado local por un ajustad\u00edsimo 23-22<\/a>.<\/p>   <p>De esa segunda parte de la competici\u00f3n liguera, el equipo madrile\u00f1o sali\u00f3 mejor parado que los vileros despu\u00e9s de obtener seis victorias y dos derrotas, lo que les permiti\u00f3 clasificarse para esta fase de ascenso como l\u00edderes de la clasificaci\u00f3n. Por su parte, los de El Pantano vencieron en cinco encuentros y cayeron derrotados en tres, terminando en tercera posici\u00f3n.<\/p>   <p>Pero todo eso es s\u00f3lo pasado y ahora todos los contadores se han vuelto a poner a cero. El pr\u00f3ximo domingo, de nada servir\u00e1 lo hecho hasta ahora y s\u00f3lo existir\u00e1n esos 80 minutos del que emerger\u00e1 el equipo ascendido a la Divisi\u00f3n de Honor mientras que el perdedor de ese duelo ya sabe que tendr\u00e1 una segunda oportunidad midi\u00e9ndose, en campo neutral, al Bar\u00e7a en la promoci\u00f3n por el ascenso.<\/p>   <p><p><strong>Sigue el canal de la SER en WhatsApp<\/strong><br \/>Encontrar\u00e1s toda la informaci\u00f3n, el deporte y el entretenimiento: la actualidad del d\u00eda y las noticias de \u00faltima hora, los mejores v\u00eddeos y momentos de la radio, entrevistas, reportajes y mucho m\u00e1s.<\/p><a href=\"https:\/\/www.whatsapp.com\/channel\/0029Va633PF9WtC4l7XUzh1e\" title=\"Suscr\u00edbete\">Suscr\u00edbete ahora<\/a><\/p> ","protected":false},"excerpt":{"rendered":"<p>El equipo de El Pantano se mide el domingo al Industriales Las Rozas en la gran final de la temporada<\/p>\n","protected":false},"author":0,"featured_media":4775,"comment_status":"open","ping_status":"open","sticky":false,"template":"","format":"standard","meta":{"_acf_changed":false,"footnotes":""},"categories":[16],"tags":[],"class_list":["post-4774","post","type-post","status-publish","format-standard","has-post-thumbnail","hentry","category-deportes"],"acf":{"ser_id":"H7C3ACZAJJEIHPGLYAQ6BIEWYU","ser_url":"https:\/\/cadenaser.com\/comunitat-valenciana\/2024\/05\/06\/el-huesitos-la-vila-arranca-la-semana-clave-para-volver-a-la-maxima-categoria-radio-benidorm\/"},"_links":{"self":[{"href":"https:\/\/serbenidorm.daliisolutions.com\/index.php\/wp-json\/wp\/v2\/posts\/4774","targetHints":{"allow":["GET"]}}],"collection":[{"href":"https:\/\/serbenidorm.daliisolutions.com\/index.php\/wp-json\/wp\/v2\/posts"}],"about":[{"href":"https:\/\/serbenidorm.daliisolutions.com\/index.php\/wp-json\/wp\/v2\/types\/post"}],"replies":[{"embeddable":true,"href":"https:\/\/serbenidorm.daliisolutions.com\/index.php\/wp-json\/wp\/v2\/comments?post=4774"}],"version-history":[{"count":0,"href":"https:\/\/serbenidorm.daliisolutions.com\/index.php\/wp-json\/wp\/v2\/posts\/4774\/revisions"}],"wp:featuredmedia":[{"embeddable":true,"href":"https:\/\/serbenidorm.daliisolutions.com\/index.php\/wp-json\/wp\/v2\/media\/4775"}],"wp:attachment":[{"href":"https:\/\/serbenidorm.daliisolutions.com\/index.php\/wp-json\/wp\/v2\/media?parent=4774"}],"wp:term":[{"taxonomy":"category","embeddable":true,"href":"https:\/\/serbenidorm.daliisolutions.com\/index.php\/wp-json\/wp\/v2\/categories?post=4774"},{"taxonomy":"post_tag","embeddable":true,"href":"https:\/\/serbenidorm.daliisolutions.com\/index.php\/wp-json\/wp\/v2\/tags?post=4774"}],"curies":[{"name":"wp","href":"https:\/\/api.w.org\/{rel}","templated":true}]}}