{"id":4776,"date":"2024-05-06T12:36:01","date_gmt":"2024-05-06T10:36:01","guid":{"rendered":"https:\/\/serbenidorm.daliisolutions.com\/index.php\/2024\/05\/06\/medio-millar-de-personas-celebran-el-dia-de-la-bicicleta-en-benidorm\/"},"modified":"2024-05-06T12:36:01","modified_gmt":"2024-05-06T10:36:01","slug":"medio-millar-de-personas-celebran-el-dia-de-la-bicicleta-en-benidorm","status":"publish","type":"post","link":"https:\/\/serbenidorm.daliisolutions.com\/index.php\/2024\/05\/06\/medio-millar-de-personas-celebran-el-dia-de-la-bicicleta-en-benidorm\/","title":{"rendered":"Medio millar de personas celebran el D\u00eda de la Bicicleta en Benidorm"},"content":{"rendered":"  <p>Benidorm<\/p>   <p>Benidorm ha celebrado este domingo el tradicional \u2018D\u00eda de la Bicicleta para todos\u2019, organizado por la Concejal\u00eda de Deportes, en una jornada marcada un a\u00f1o m\u00e1s por la alta participaci\u00f3n y la agradable temperatura para subirse sobre las dos ruedas y disfrutar de las vistas y el paseo sin coches por muchas de las principales v\u00edas de la ciudad.<\/p>   <p>Cerca de medio millar de personas se han dado cita en esta jornada, que arrancaba a las 9,30 de la ma\u00f1ana con la concentraci\u00f3n en el auditorio del Parque de Foietes. All\u00ed se encontraban todos los participantes para tomar la salida de la marcha a las diez en punto. La \u00fanica condici\u00f3n para tomar parte era acudir con veh\u00edculo a pedales y casco.<\/p>   <p>Antes de ello, a la llegada al Parque de Foietes, los ciclistas han recibido un n\u00famero que daba derecho a participar en el sorteo de bicicletas al t\u00e9rmino de la jornada.<\/p>   <p>A las 10.00 de la ma\u00f1ana, el alcalde Toni P\u00e9rez ha dado la salida al pelot\u00f3n, entre cuyos integrantes se encontraban el concejal de Deportes, Javier Jord\u00e1 y varios miembros de la corporaci\u00f3n local. Un recorrido de algo m\u00e1s de siete kil\u00f3metros que ha comenzado en el propio parque, desde donde la caravana se ha dirigido hacia Jaime I y desde all\u00ed se ha circulado por Armada Espa\u00f1ola, Vicente Llorca Al\u00f3s y el Paseo de Tamarindos para, tras un ligero descanso para reagruparse, regresar posteriormente al punto de partida en donde esperaba un avituallamiento y el sorteo de regalos.<\/p>   <p><p><strong>Sigue el canal de la SER en WhatsApp<\/strong><br \/>Encontrar\u00e1s toda la informaci\u00f3n, el deporte y el entretenimiento: la actualidad del d\u00eda y las noticias de \u00faltima hora, los mejores v\u00eddeos y momentos de la radio, entrevistas, reportajes y mucho m\u00e1s.<\/p><a href=\"https:\/\/www.whatsapp.com\/channel\/0029Va633PF9WtC4l7XUzh1e\" title=\"Suscr\u00edbete\">Suscr\u00edbete ahora<\/a><\/p> ","protected":false},"excerpt":{"rendered":"<p>Al finalizar el evento se procedi\u00f3 al sorteo de material deportivo y bicicletas<\/p>\n","protected":false},"author":0,"featured_media":4777,"comment_status":"open","ping_status":"open","sticky":false,"template":"","format":"standard","meta":{"_acf_changed":false,"footnotes":""},"categories":[16],"tags":[],"class_list":["post-4776","post","type-post","status-publish","format-standard","has-post-thumbnail","hentry","category-deportes"],"acf":{"ser_id":"CDMZC5ZDSNHDXPYHUQTMHRXM7U","ser_url":"https:\/\/cadenaser.com\/comunitat-valenciana\/2024\/05\/06\/medio-millar-de-personas-celebran-el-dia-de-la-bicicleta-en-benidorm-radio-benidorm\/"},"_links":{"self":[{"href":"https:\/\/serbenidorm.daliisolutions.com\/index.php\/wp-json\/wp\/v2\/posts\/4776","targetHints":{"allow":["GET"]}}],"collection":[{"href":"https:\/\/serbenidorm.daliisolutions.com\/index.php\/wp-json\/wp\/v2\/posts"}],"about":[{"href":"https:\/\/serbenidorm.daliisolutions.com\/index.php\/wp-json\/wp\/v2\/types\/post"}],"replies":[{"embeddable":true,"href":"https:\/\/serbenidorm.daliisolutions.com\/index.php\/wp-json\/wp\/v2\/comments?post=4776"}],"version-history":[{"count":0,"href":"https:\/\/serbenidorm.daliisolutions.com\/index.php\/wp-json\/wp\/v2\/posts\/4776\/revisions"}],"wp:featuredmedia":[{"embeddable":true,"href":"https:\/\/serbenidorm.daliisolutions.com\/index.php\/wp-json\/wp\/v2\/media\/4777"}],"wp:attachment":[{"href":"https:\/\/serbenidorm.daliisolutions.com\/index.php\/wp-json\/wp\/v2\/media?parent=4776"}],"wp:term":[{"taxonomy":"category","embeddable":true,"href":"https:\/\/serbenidorm.daliisolutions.com\/index.php\/wp-json\/wp\/v2\/categories?post=4776"},{"taxonomy":"post_tag","embeddable":true,"href":"https:\/\/serbenidorm.daliisolutions.com\/index.php\/wp-json\/wp\/v2\/tags?post=4776"}],"curies":[{"name":"wp","href":"https:\/\/api.w.org\/{rel}","templated":true}]}}