{"id":4784,"date":"2024-05-06T13:34:29","date_gmt":"2024-05-06T11:34:29","guid":{"rendered":"https:\/\/serbenidorm.daliisolutions.com\/index.php\/2024\/05\/06\/el-paro-bajo-en-benidorm-y-la-marina-baixa-durante-abril-en-177-personas\/"},"modified":"2024-05-06T13:34:29","modified_gmt":"2024-05-06T11:34:29","slug":"el-paro-bajo-en-benidorm-y-la-marina-baixa-durante-abril-en-177-personas","status":"publish","type":"post","link":"https:\/\/serbenidorm.daliisolutions.com\/index.php\/2024\/05\/06\/el-paro-bajo-en-benidorm-y-la-marina-baixa-durante-abril-en-177-personas\/","title":{"rendered":"El paro baj\u00f3 en Benidorm y la Marina Baixa durante abril en 177 personas"},"content":{"rendered":"  <p>Benidorm<\/p>   <p>La llegada de la temporada alta ha vuelto a llevar a Benidorm y la Marina Baixa a un <a href=\"https:\/\/cadenaser.com\/tag\/comarca_la_marina_baixa\/a\/\" target=\"_blank\" rel=\"noopener\">nuevo descenso del paro durante abril, si bien algo m\u00e1s tibio que en marzo<\/a>, donde la Semana Santa consigui\u00f3 sacar a 389 personas de las listas de desempleo. La reducci\u00f3n durante abril ha sido de 177 personas.<\/p>   <p>Seg\u00fan los datos del Servicio Valenciano de Empleo (LABORA) mayo ha empezado as\u00ed con 9.396 personas apuntadas al paro en la comarca: el 59 % son mujeres y el 83 % est\u00e1n inscritos en el sector de los servicios. Por otro lado durante el \u00faltimo mes se han producido un total de 6.083 nuevas contrataciones, medio millar m\u00e1s que en marzo.<\/p>   <p>El paro por municipios<\/p>   <p><li>En <a href=\"https:\/\/cadenaser.com\/tag\/benidorm\/a\/\" target=\"_blank\" rel=\"noopener\">Benidorm<\/a> hay 3.461 parados, 68 menos que al inicio del mes anterior<\/li><li>En <a href=\"https:\/\/cadenaser.com\/tag\/vila_joiosa\/a\/\" target=\"_blank\" rel=\"noopener\">La Vila Joiosa<\/a> 2.169, un aumento del paro de 6 personas<\/li><li>En <a href=\"https:\/\/cadenaser.com\/tag\/altea\/a\/\" target=\"_blank\" rel=\"noopener\">Altea<\/a> 1.084, 56 menos<\/li><li>En <a href=\"https:\/\/cadenaser.com\/tag\/lalfas_del_pi\/a\/\" target=\"_blank\" rel=\"noopener\">l\u2019Alf\u00e0s del Pi<\/a> 776, 5 menos<\/li><li>En <a href=\"https:\/\/cadenaser.com\/tag\/la_nucia\/a\/\" target=\"_blank\" rel=\"noopener\">La Nuc\u00eda<\/a> con 805, 15 desempleados menos<\/li><\/p>   <p>La cifra m\u00e1s baja del paro en la Comunitat Valenciana desde 2008<\/p>   <p>Durante el mes de abril, tradicionalmente bueno para el empleo, el n\u00famero de personas paradas en la Comunitat Valenciana se redujo en 3.824, la cifra se queda en 319.510, un 1&#8217;18% menos que el a\u00f1o anterior, un descenso del 4&#8217;75% si miramos a un a\u00f1o vista.<\/p>   <p>Por sectores, el paro baj\u00f3 sobre todo en construcci\u00f3n, industria y servicios, se mantuvo pr\u00e1cticamente estable en agricultura y subi\u00f3 en el colectivo sin empleo anterior. Por grupos de edad, destaca el descenso entre los menores de 25 a\u00f1os, pero cay\u00f3 en todos los tramos de edad.<\/p> ","protected":false},"excerpt":{"rendered":"<p>En la comarca sigue habiendo 9.396 inscritos en las oficinas de empleo y en el \u00faltimo mes se han producido 6.083 contrataciones<\/p>\n","protected":false},"author":0,"featured_media":4785,"comment_status":"open","ping_status":"open","sticky":false,"template":"","format":"standard","meta":{"_acf_changed":false,"footnotes":""},"categories":[1],"tags":[],"class_list":["post-4784","post","type-post","status-publish","format-standard","has-post-thumbnail","hentry","category-sin-categoria"],"acf":{"ser_id":"6YIP7GE35FEPLBCX25C3DXWNRE","ser_url":"https:\/\/cadenaser.com\/comunitat-valenciana\/2024\/05\/06\/el-paro-bajo-en-benidorm-y-la-marina-baixa-durante-abril-en-177-personas-radio-benidorm\/"},"_links":{"self":[{"href":"https:\/\/serbenidorm.daliisolutions.com\/index.php\/wp-json\/wp\/v2\/posts\/4784","targetHints":{"allow":["GET"]}}],"collection":[{"href":"https:\/\/serbenidorm.daliisolutions.com\/index.php\/wp-json\/wp\/v2\/posts"}],"about":[{"href":"https:\/\/serbenidorm.daliisolutions.com\/index.php\/wp-json\/wp\/v2\/types\/post"}],"replies":[{"embeddable":true,"href":"https:\/\/serbenidorm.daliisolutions.com\/index.php\/wp-json\/wp\/v2\/comments?post=4784"}],"version-history":[{"count":0,"href":"https:\/\/serbenidorm.daliisolutions.com\/index.php\/wp-json\/wp\/v2\/posts\/4784\/revisions"}],"wp:featuredmedia":[{"embeddable":true,"href":"https:\/\/serbenidorm.daliisolutions.com\/index.php\/wp-json\/wp\/v2\/media\/4785"}],"wp:attachment":[{"href":"https:\/\/serbenidorm.daliisolutions.com\/index.php\/wp-json\/wp\/v2\/media?parent=4784"}],"wp:term":[{"taxonomy":"category","embeddable":true,"href":"https:\/\/serbenidorm.daliisolutions.com\/index.php\/wp-json\/wp\/v2\/categories?post=4784"},{"taxonomy":"post_tag","embeddable":true,"href":"https:\/\/serbenidorm.daliisolutions.com\/index.php\/wp-json\/wp\/v2\/tags?post=4784"}],"curies":[{"name":"wp","href":"https:\/\/api.w.org\/{rel}","templated":true}]}}