{"id":4812,"date":"2024-05-07T10:30:45","date_gmt":"2024-05-07T08:30:45","guid":{"rendered":"https:\/\/serbenidorm.daliisolutions.com\/index.php\/2024\/05\/07\/juzgan-al-encargado-de-una-gasolinera-de-la-nucia-por-acosar-sexualmente-a-una-empleada\/"},"modified":"2024-05-07T10:30:45","modified_gmt":"2024-05-07T08:30:45","slug":"juzgan-al-encargado-de-una-gasolinera-de-la-nucia-por-acosar-sexualmente-a-una-empleada","status":"publish","type":"post","link":"https:\/\/serbenidorm.daliisolutions.com\/index.php\/2024\/05\/07\/juzgan-al-encargado-de-una-gasolinera-de-la-nucia-por-acosar-sexualmente-a-una-empleada\/","title":{"rendered":"Juzgan al encargado de una gasolinera de La Nuc\u00eda por acosar sexualmente a una empleada"},"content":{"rendered":"  <p>La Nuc\u00eda<\/p>   <p>Este martes est\u00e1 previsto en inicio en la Audiencia Provincial de Alicante del juicio al e<a href=\"https:\/\/cadenaser.com\/tag\/la_nucia\/a\/\" target=\"_blank\" rel=\"noopener\">ncargado de una gasolinera de La Nuc\u00eda acusado de dirigir comentarios y gestos obscenos a una empleada, a la que tambi\u00e9n habr\u00eda enviado mensajes privados fuera del trabajo<\/a> en los que intentaba quedar con ella de forma insistente.<\/p>   <p>Los hechos, seg\u00fan ha informado el <a href=\"https:\/\/cadenaser.com\/tag\/tsjv_tribunal_superior_justicia_valencia\/a\/\" target=\"_blank\" rel=\"noopener\">Tribunal Superior de Justicia de la Comunitat Valenciana (TSJCV)<\/a> ocurrieron entre los meses de julio y septiembre de 2019 cuando procesado y v\u00edctima coincid\u00edan en el establecimiento y el hombre le realizaba insinuaciones de tipo sexual, la buscaba en los descansos o se met\u00eda en su coche.<\/p>  <p><p>M\u00e1s informaci\u00f3n<\/p><figure><img decoding=\"async\" src=\"https:\/\/cadenaser.com\/resizer\/hBso0vm9bgvtvk4PVAJYrpd4d7I=\/650x366\/filters:quality(70)\/cloudfront-eu-central-1.images.arcpublishing.com\/prisaradio\/FNM3PMJSIBFYZNXZD2WBGU6LJM.jpg\" loading=\"lazy\" width=\"828\" height=\"621\" \/><\/figure><ul><li><a href=\"https:\/\/cadenaser.com\/comunitat-valenciana\/2024\/05\/02\/cae-una-banda-ucraniana-que-asaltaba-chales-de-lujo-en-la-marina-baixa-radio-benidorm\/\">Cae una banda ucraniana que asaltaba chal\u00e9s de lujo en la Marina Baixa<\/a><\/li><\/ul><\/p>   <p>La acusaci\u00f3n p\u00fablica a\u00f1ade que en una ocasi\u00f3n lleg\u00f3 a soplarle en la oreja cuando pasaba detr\u00e1s de ella y a pellizcarle en una nalga cuando ella atend\u00eda a un cliente.<\/p>   <p>Por todo ello la Fiscal\u00eda solicita una pena de prisi\u00f3n de dos a\u00f1os y un mes por los delitos de abuso y acoso sexual para el encargado del negocio.<\/p> ","protected":false},"excerpt":{"rendered":"<p>La Fiscal\u00eda pide para \u00e9l dos a\u00f1os y un mes de prisi\u00f3n<\/p>\n","protected":false},"author":0,"featured_media":4813,"comment_status":"open","ping_status":"open","sticky":false,"template":"","format":"standard","meta":{"_acf_changed":false,"footnotes":""},"categories":[1],"tags":[],"class_list":["post-4812","post","type-post","status-publish","format-standard","has-post-thumbnail","hentry","category-sin-categoria"],"acf":{"ser_id":"KLWWQJPKHNCDTGHVWU2TH37YUE","ser_url":"https:\/\/cadenaser.com\/comunitat-valenciana\/2024\/05\/07\/juzgan-al-encargado-de-una-gasolinera-de-la-nucia-por-acosar-sexualmente-a-una-empleada-radio-benidorm\/"},"_links":{"self":[{"href":"https:\/\/serbenidorm.daliisolutions.com\/index.php\/wp-json\/wp\/v2\/posts\/4812","targetHints":{"allow":["GET"]}}],"collection":[{"href":"https:\/\/serbenidorm.daliisolutions.com\/index.php\/wp-json\/wp\/v2\/posts"}],"about":[{"href":"https:\/\/serbenidorm.daliisolutions.com\/index.php\/wp-json\/wp\/v2\/types\/post"}],"replies":[{"embeddable":true,"href":"https:\/\/serbenidorm.daliisolutions.com\/index.php\/wp-json\/wp\/v2\/comments?post=4812"}],"version-history":[{"count":0,"href":"https:\/\/serbenidorm.daliisolutions.com\/index.php\/wp-json\/wp\/v2\/posts\/4812\/revisions"}],"wp:featuredmedia":[{"embeddable":true,"href":"https:\/\/serbenidorm.daliisolutions.com\/index.php\/wp-json\/wp\/v2\/media\/4813"}],"wp:attachment":[{"href":"https:\/\/serbenidorm.daliisolutions.com\/index.php\/wp-json\/wp\/v2\/media?parent=4812"}],"wp:term":[{"taxonomy":"category","embeddable":true,"href":"https:\/\/serbenidorm.daliisolutions.com\/index.php\/wp-json\/wp\/v2\/categories?post=4812"},{"taxonomy":"post_tag","embeddable":true,"href":"https:\/\/serbenidorm.daliisolutions.com\/index.php\/wp-json\/wp\/v2\/tags?post=4812"}],"curies":[{"name":"wp","href":"https:\/\/api.w.org\/{rel}","templated":true}]}}