{"id":4819,"date":"2024-05-07T13:01:56","date_gmt":"2024-05-07T11:01:56","guid":{"rendered":"https:\/\/serbenidorm.daliisolutions.com\/index.php\/2024\/05\/07\/estas-son-las-11-playas-de-la-marina-baixa-con-bandera-azul-este-2024-benidorm-recupera-dos-y-la-vila-joiosa-se-lleva-la-palma\/"},"modified":"2024-05-07T13:01:56","modified_gmt":"2024-05-07T11:01:56","slug":"estas-son-las-11-playas-de-la-marina-baixa-con-bandera-azul-este-2024-benidorm-recupera-dos-y-la-vila-joiosa-se-lleva-la-palma","status":"publish","type":"post","link":"https:\/\/serbenidorm.daliisolutions.com\/index.php\/2024\/05\/07\/estas-son-las-11-playas-de-la-marina-baixa-con-bandera-azul-este-2024-benidorm-recupera-dos-y-la-vila-joiosa-se-lleva-la-palma\/","title":{"rendered":"Estas son las 11 playas de la Marina Baixa con Bandera Azul este 2024: Benidorm recupera dos y La Vila Joiosa se lleva la palma"},"content":{"rendered":"  <p>Benidorm<\/p>   <p>Ya conocemos las Banderas Azules que ondear\u00e1n en el litoral de la Marina Baixa este 2024, un total de once que supone una m\u00e1s que el a\u00f1o pasado. La Asociaci\u00f3n de Educaci\u00f3n Ambiental y del Consumidor (ADEAC) es la encargada de otorgar unos distintivo de calidad que premia el cumplimiento de unos est\u00e1ndares de informaci\u00f3n, gesti\u00f3n ambiental, accesibilidad y seguridad.<\/p>   <p>La Vila Joiosa se lleva la palma y ha conseguido hasta seis de estas ense\u00f1as para <a href=\"https:\/\/cadenaser.com\/tag\/vila_joiosa\/a\/\" target=\"_blank\" rel=\"noopener\">Bol Nou, Ciutat (Centro), La Caleta, Parad\u00eds, Varadero y una nueva, la del Torres<\/a>. La Bandera Azul tambi\u00e9n ondear\u00e1 en otras tres playas de Altea: <a href=\"https:\/\/cadenaser.com\/tag\/altea\/a\/\" target=\"_blank\" rel=\"noopener\">Cap Blanc, La Roda y L\u2019Espig\u00f3<\/a>. En Benidorm<a href=\"https:\/\/cadenaser.com\/tag\/benidorm\/a\/\" target=\"_blank\" rel=\"noopener\"> la recuperan la playa de Levante y Mal Pas, pero no la consigue la de Poniente<\/a>. <\/p>   <p>Altea <\/p>   <p><li>Cap Blanc <\/li><li>La Roda <\/li><li>L\u2019Espig\u00f3 <\/li><\/p>   <p>Benidorm <\/p>   <p><li>Levante <\/li><li>Mal Pas<\/li><\/p>   <p>Vila Joiosa<\/p>   <p><li>Bol Nou <\/li><li>Ciutat (Centro) <\/li><li>Del Torres La Caleta <\/li><li>Parad\u00eds <\/li><li>Varadero<\/li><\/p>  <p><figure><img decoding=\"async\" src=\"https:\/\/cadenaser.com\/resizer\/wud9GIz8kcNHWf-N-Hmx18sZBbU=\/650x366\/filters:quality(70)\/cloudfront-eu-central-1.images.arcpublishing.com\/prisaradio\/XGNYVVL76RDKTAHJKPNR7WCMEY.PNG\" loading=\"lazy\" width=\"240\" height=\"135\" \/><\/figure><div><a href=\"https:\/\/cadenaser.com\/comunitat-valenciana\/2024\/05\/07\/la-comunitat-valenciana-es-la-que-mas-banderas-azules-tiene-en-sus-playas-de-toda-espana-con-159-distintivos-radio-valencia\/\">La Comunitat Valenciana es la que m\u00e1s banderas azules de toda Espa\u00f1a con 159 distintivos<\/a><p><\/p><\/div><\/p>   <p>Playas que renuncian por obras en Finestrat y L&#8217;Alf\u00e0s del Pi<\/p>   <p>En la Cala de Finestrat y la playa Rac\u00f3 del Albir se ha renunciado a la Bandera Azul en esta edici\u00f3n 2024 por obras. En la primera el Ayuntamiento ha planteado una <a href=\"https:\/\/cadenaser.com\/comunitat-valenciana\/2024\/02\/22\/finestrat-renuncia-a-la-bandera-azul-en-la-cala-para-poder-hacer-el-mantenimiento-del-deposito-anti-tormentas-radio-benidorm\/\" target=\"_blank\" rel=\"noopener\">intervenci\u00f3n para llevar a cabo trabajos de mantenimiento de la escollera y as\u00ed frenar la p\u00e9rdida de arena<\/a>. Esa obra durar\u00eda apenas dos semanas y aunque afectar\u00eda de forma m\u00ednima a la actividad tur\u00edstica, aseguraba el alcalde Juanfran P\u00e9rez Llorca cuando comunic\u00f3 la renuncia, es necesaria.<\/p>   <p><a href=\"https:\/\/cadenaser.com\/comunitat-valenciana\/2024\/04\/05\/el-albir-renuncia-a-su-bandera-azul-para-poder-transformar-el-paseo-de-las-estrellas-con-fondos-europeos-radio-benidorm\/\" target=\"_blank\" rel=\"noopener\">En el caso del Rac\u00f3 del Albir se quiere transformar el paseo de las Estrellas aprovechando fondos europeos<\/a>. La intenci\u00f3n es que esta v\u00eda junto al arenal se empiece a convertir en una plataforma \u00fanica para el peat\u00f3n en julio. Antes se rehabilitar\u00e1 la biblioplaya.<\/p> ","protected":false},"excerpt":{"rendered":"<p>Son seis arenales de La Vila, tres de Altea y dos de Benidorm<\/p>\n","protected":false},"author":0,"featured_media":4820,"comment_status":"open","ping_status":"open","sticky":false,"template":"","format":"standard","meta":{"_acf_changed":false,"footnotes":""},"categories":[1],"tags":[],"class_list":["post-4819","post","type-post","status-publish","format-standard","has-post-thumbnail","hentry","category-sin-categoria"],"acf":{"ser_id":"AECR3OSZNVGJNHFS65UMPQAT3U","ser_url":"https:\/\/cadenaser.com\/comunitat-valenciana\/2024\/05\/07\/estas-son-las-11-playas-de-la-marina-baixa-con-bandera-azul-este-2024-benidorm-recupera-dos-y-la-vila-joiosa-se-lleva-la-palma-radio-benidorm\/"},"_links":{"self":[{"href":"https:\/\/serbenidorm.daliisolutions.com\/index.php\/wp-json\/wp\/v2\/posts\/4819","targetHints":{"allow":["GET"]}}],"collection":[{"href":"https:\/\/serbenidorm.daliisolutions.com\/index.php\/wp-json\/wp\/v2\/posts"}],"about":[{"href":"https:\/\/serbenidorm.daliisolutions.com\/index.php\/wp-json\/wp\/v2\/types\/post"}],"replies":[{"embeddable":true,"href":"https:\/\/serbenidorm.daliisolutions.com\/index.php\/wp-json\/wp\/v2\/comments?post=4819"}],"version-history":[{"count":0,"href":"https:\/\/serbenidorm.daliisolutions.com\/index.php\/wp-json\/wp\/v2\/posts\/4819\/revisions"}],"wp:featuredmedia":[{"embeddable":true,"href":"https:\/\/serbenidorm.daliisolutions.com\/index.php\/wp-json\/wp\/v2\/media\/4820"}],"wp:attachment":[{"href":"https:\/\/serbenidorm.daliisolutions.com\/index.php\/wp-json\/wp\/v2\/media?parent=4819"}],"wp:term":[{"taxonomy":"category","embeddable":true,"href":"https:\/\/serbenidorm.daliisolutions.com\/index.php\/wp-json\/wp\/v2\/categories?post=4819"},{"taxonomy":"post_tag","embeddable":true,"href":"https:\/\/serbenidorm.daliisolutions.com\/index.php\/wp-json\/wp\/v2\/tags?post=4819"}],"curies":[{"name":"wp","href":"https:\/\/api.w.org\/{rel}","templated":true}]}}