{"id":4831,"date":"2024-05-07T15:13:23","date_gmt":"2024-05-07T13:13:23","guid":{"rendered":"https:\/\/serbenidorm.daliisolutions.com\/index.php\/2024\/05\/07\/los-socorristas-de-las-playas-de-benidorm-reclaman-banos-y-puestos-de-vigilancia-cubiertos\/"},"modified":"2024-05-07T15:13:23","modified_gmt":"2024-05-07T13:13:23","slug":"los-socorristas-de-las-playas-de-benidorm-reclaman-banos-y-puestos-de-vigilancia-cubiertos","status":"publish","type":"post","link":"https:\/\/serbenidorm.daliisolutions.com\/index.php\/2024\/05\/07\/los-socorristas-de-las-playas-de-benidorm-reclaman-banos-y-puestos-de-vigilancia-cubiertos\/","title":{"rendered":"Los socorristas de las playas de Benidorm reclaman ba\u00f1os y puestos de vigilancia cubiertos"},"content":{"rendered":"  <p>Benidorm<\/p>   <p>La Federaci\u00f3n de Sindicatos de Empleados P\u00fablicos (FESEP) pide al Ayuntamiento de Benidorm y a la empresa concesionaria responsable del salvamento y socorrismo en las playas mejoras en las condiciones de los trabajadores de este servicio.<\/p>   <p>En concreto, reclaman \u00abcon urgencia\u00bb <a href=\"https:\/\/cadenaser.com\/tag\/benidorm\/a\/\" target=\"_blank\" rel=\"noopener\">casetas elevadas para los socorristas que adem\u00e1s est\u00e9n cubiertas para protegerlos de las condiciones meteorol\u00f3gicas y es que si algo caracteriza a los arenales de la capital tur\u00edstica de la Comunitat Valenciana es que estos prestan servicio durante todos los meses del a\u00f1o<\/a>.<\/p>  <p><figure><img decoding=\"async\" src=\"https:\/\/cadenaser.com\/resizer\/jDDuUVeqC8OX2NQ9_zgL-EqEHH8=\/650x366\/filters:quality(70)\/cloudfront-eu-central-1.images.arcpublishing.com\/prisaradio\/RJLN4MCYNBF4ZHQHYYOAYOSCKI.JPG\" loading=\"lazy\" width=\"240\" height=\"135\" \/><\/figure><div><a href=\"https:\/\/cadenaser.com\/comunitat-valenciana\/2024\/05\/07\/estas-son-las-11-playas-de-la-marina-baixa-con-bandera-azul-este-2024-benidorm-recupera-dos-y-la-vila-joiosa-se-lleva-la-palma-radio-benidorm\/\">Estas son las 11 playas de la Marina Baixa con Bandera Azul este 2024: Benidorm recupera dos y La Vila Joiosa se lleva la palma<\/a><p><\/p><\/div><\/p>   <p>Paco \u00c1ngel Gonz\u00e1lez, secretario auton\u00f3mico de la central sindical, ha explicado que estas casetas ya se encuentran en otras playas del territorio nacional y adem\u00e1s de proteger a los empleados de las inclemencias del tiempo \u00abpermiten almacenar material de primeros auxilios que servir\u00eda para dar una respuesta inmediata ante cualquier incidente\u00bb. Adem\u00e1s, solicitan ba\u00f1os port\u00e1tiles en las apartadas calas del T\u00edo Ximo y la Almadraba.<\/p>   <p>Por su parte la edil del \u00e1rea, M\u00f3nica G\u00f3mez, ha asegurado en rueda de prensa que estudiar\u00e1n las propuestas: \u00abAtendemos todas las peticiones y en este caso se va a analizar para evidentemente poner a su disposici\u00f3n todas las mejoras que se puedan\u00bb. R.A. es la actual empresa encargada de los servicios de salvamento y socorrismo en el litoral benidormense.<\/p>   <p><p><strong>Sigue el canal de la SER en WhatsApp<\/strong><br \/>Encontrar\u00e1s toda la informaci\u00f3n, el deporte y el entretenimiento: la actualidad del d\u00eda y las noticias de \u00faltima hora, los mejores v\u00eddeos y momentos de la radio, entrevistas, reportajes y mucho m\u00e1s.<\/p><a href=\"https:\/\/www.whatsapp.com\/channel\/0029Va633PF9WtC4l7XUzh1e\" title=\"Suscr\u00edbete\">Suscr\u00edbete ahora<\/a><\/p> ","protected":false},"excerpt":{"rendered":"<p>El Ayuntamiento asegura que estudiar\u00e1 las propuestas<\/p>\n","protected":false},"author":0,"featured_media":4832,"comment_status":"open","ping_status":"open","sticky":false,"template":"","format":"standard","meta":{"_acf_changed":false,"footnotes":""},"categories":[1],"tags":[],"class_list":["post-4831","post","type-post","status-publish","format-standard","has-post-thumbnail","hentry","category-sin-categoria"],"acf":{"ser_id":"NEBNQ4FKRBAO7AZHZJE65XBXTA","ser_url":"https:\/\/cadenaser.com\/comunitat-valenciana\/2024\/05\/07\/los-socorristas-de-las-playas-de-benidorm-reclaman-banos-y-puestos-de-vigilancia-cubiertos-radio-benidorm\/"},"_links":{"self":[{"href":"https:\/\/serbenidorm.daliisolutions.com\/index.php\/wp-json\/wp\/v2\/posts\/4831","targetHints":{"allow":["GET"]}}],"collection":[{"href":"https:\/\/serbenidorm.daliisolutions.com\/index.php\/wp-json\/wp\/v2\/posts"}],"about":[{"href":"https:\/\/serbenidorm.daliisolutions.com\/index.php\/wp-json\/wp\/v2\/types\/post"}],"replies":[{"embeddable":true,"href":"https:\/\/serbenidorm.daliisolutions.com\/index.php\/wp-json\/wp\/v2\/comments?post=4831"}],"version-history":[{"count":0,"href":"https:\/\/serbenidorm.daliisolutions.com\/index.php\/wp-json\/wp\/v2\/posts\/4831\/revisions"}],"wp:featuredmedia":[{"embeddable":true,"href":"https:\/\/serbenidorm.daliisolutions.com\/index.php\/wp-json\/wp\/v2\/media\/4832"}],"wp:attachment":[{"href":"https:\/\/serbenidorm.daliisolutions.com\/index.php\/wp-json\/wp\/v2\/media?parent=4831"}],"wp:term":[{"taxonomy":"category","embeddable":true,"href":"https:\/\/serbenidorm.daliisolutions.com\/index.php\/wp-json\/wp\/v2\/categories?post=4831"},{"taxonomy":"post_tag","embeddable":true,"href":"https:\/\/serbenidorm.daliisolutions.com\/index.php\/wp-json\/wp\/v2\/tags?post=4831"}],"curies":[{"name":"wp","href":"https:\/\/api.w.org\/{rel}","templated":true}]}}