{"id":4852,"date":"2024-05-08T11:14:28","date_gmt":"2024-05-08T09:14:28","guid":{"rendered":"https:\/\/serbenidorm.daliisolutions.com\/index.php\/2024\/05\/08\/solo-vale-la-victoria\/"},"modified":"2024-05-08T11:14:28","modified_gmt":"2024-05-08T09:14:28","slug":"solo-vale-la-victoria","status":"publish","type":"post","link":"https:\/\/serbenidorm.daliisolutions.com\/index.php\/2024\/05\/08\/solo-vale-la-victoria\/","title":{"rendered":"S\u00f3lo vale la victoria"},"content":{"rendered":"  <p>Benidorm<\/p>   <p>S\u00f3lo restan 80 minutos para que el Huesitos-La Vila regrese a la m\u00e1xima categor\u00eda del rugby espa\u00f1ol, esa en la que ya milit\u00f3 en tres ocasiones previas. La primera, la m\u00e1s exitosa de todas, la que fue de 2009 a 2013 y en el que se consigui\u00f3 el subcampeonato en 2010 y el t\u00edtulo de campe\u00f3n en 2011. La segunda, de dos temporadas, en 2018 y 2019 y la \u00faltima, la m\u00e1s corta, el pasado a\u00f1o.<\/p>   <p>Ahora, y tras una temporada en la que no s\u00f3lo se ha triunfado en lo deportivo sino que adem\u00e1s, y esto puede ser lo m\u00e1s importante, el Club de Rugby La Vila se ha sometido a una profunda refundaci\u00f3n que ha conseguido reenganchar a todo el municipio con su equipo, s\u00f3lo un partido separa a los vileros del ascenso.<\/p>   <p>Esa final ante el Industriales Las Rozas, que nunca ha estado en Divisi\u00f3n de Honor y que, por lo tanto, tiene ante s\u00ed una cita con la historia, se disputar\u00e1 el domingo (13:30 horas) en El Cantizal. Antes de emprender viaje a la capital, Franco Salice, jugador del Huesitos-La Vila; Hern\u00e1n \u2018Falu\u2019 Quirelli, entrenador del XV chocolatero y Alberto Mancebo, directivo de la entidad de El Pantano, pasaron por SER Deportivos Marina Baixa para analizar los \u00faltimos detalles antes de esa gran final.<\/p>   <p>Para esta ocasi\u00f3n, el Club de Rugby La Vila ha puesto a disposici\u00f3n de los aficionados un autob\u00fas para asistir al partido. Por un precio de 35 euros (entrada y bolsa del aficionado incluida), los interesados podr\u00e1n viajar a Las Rozas el mismo domingo y celebrar junto a su equipo el ascenso a Divisi\u00f3n de Honor.<\/p>   <p><b>C\u00f3mo reservar plaza en el autob\u00fas del rugby<\/b><\/p>   <p><b>Por email:<\/b> <a href=\"mailto:oficina@rugbylavila.net\" rel=\"nofollow\">oficina@rugbylavila.net<\/a><\/p>   <p><b>Tel\u00e9fono\/WhatsApp:<\/b> 660 638 027<\/p>   <p><a href=\"https:\/\/www.facebook.com\/rugbylavila\" rel=\"nofollow\">Facebook del Club de Rugby La Vila<\/a><\/p>   <p><p><strong>Sigue el canal de la SER en WhatsApp<\/strong><br \/>Encontrar\u00e1s toda la informaci\u00f3n, el deporte y el entretenimiento: la actualidad del d\u00eda y las noticias de \u00faltima hora, los mejores v\u00eddeos y momentos de la radio, entrevistas, reportajes y mucho m\u00e1s.<\/p><a href=\"https:\/\/www.whatsapp.com\/channel\/0029Va633PF9WtC4l7XUzh1e\" title=\"Suscr\u00edbete\">Suscr\u00edbete ahora<\/a><\/p> ","protected":false},"excerpt":{"rendered":"<p>La plantilla del Huesitos-La Vila viaja a Las Rozas con el objetivo de regresar a la m\u00e1xima categor\u00eda del rugby espa\u00f1ol<\/p>\n","protected":false},"author":0,"featured_media":4853,"comment_status":"open","ping_status":"open","sticky":false,"template":"","format":"standard","meta":{"_acf_changed":false,"footnotes":""},"categories":[16],"tags":[],"class_list":["post-4852","post","type-post","status-publish","format-standard","has-post-thumbnail","hentry","category-deportes"],"acf":{"ser_id":"W6SPDZZHW5AQRJV6DZL2L2QEHQ","ser_url":"https:\/\/cadenaser.com\/comunitat-valenciana\/2024\/05\/08\/solo-vale-la-victoria-radio-benidorm\/"},"_links":{"self":[{"href":"https:\/\/serbenidorm.daliisolutions.com\/index.php\/wp-json\/wp\/v2\/posts\/4852","targetHints":{"allow":["GET"]}}],"collection":[{"href":"https:\/\/serbenidorm.daliisolutions.com\/index.php\/wp-json\/wp\/v2\/posts"}],"about":[{"href":"https:\/\/serbenidorm.daliisolutions.com\/index.php\/wp-json\/wp\/v2\/types\/post"}],"replies":[{"embeddable":true,"href":"https:\/\/serbenidorm.daliisolutions.com\/index.php\/wp-json\/wp\/v2\/comments?post=4852"}],"version-history":[{"count":0,"href":"https:\/\/serbenidorm.daliisolutions.com\/index.php\/wp-json\/wp\/v2\/posts\/4852\/revisions"}],"wp:featuredmedia":[{"embeddable":true,"href":"https:\/\/serbenidorm.daliisolutions.com\/index.php\/wp-json\/wp\/v2\/media\/4853"}],"wp:attachment":[{"href":"https:\/\/serbenidorm.daliisolutions.com\/index.php\/wp-json\/wp\/v2\/media?parent=4852"}],"wp:term":[{"taxonomy":"category","embeddable":true,"href":"https:\/\/serbenidorm.daliisolutions.com\/index.php\/wp-json\/wp\/v2\/categories?post=4852"},{"taxonomy":"post_tag","embeddable":true,"href":"https:\/\/serbenidorm.daliisolutions.com\/index.php\/wp-json\/wp\/v2\/tags?post=4852"}],"curies":[{"name":"wp","href":"https:\/\/api.w.org\/{rel}","templated":true}]}}